{"id":150680,"date":"2016-04-28T16:22:24","date_gmt":"2016-04-28T14:22:24","guid":{"rendered":"http:\/\/www.fuldaer-nachrichten.de\/?p=150680"},"modified":"2016-04-28T16:22:24","modified_gmt":"2016-04-28T14:22:24","slug":"girls-und-boys-day-im-bildungsunternehmen-dr-jordan","status":"publish","type":"post","link":"https:\/\/www.fuldaernachrichten.de\/?p=150680","title":{"rendered":"Girls und Boys Day im Bildungsunternehmen Dr. Jordan"},"content":{"rendered":"<p><img fetchpriority=\"high\" decoding=\"async\" class=\"alignleft size-thumbnail wp-image-150682\" src=\"http:\/\/www.fuldaer-nachrichten.de\/wp-content\/uploads\/2016\/04\/Girls-Day-im-Bildungsunternehmen_01-265x398.jpg\" alt=\"Girls Day im Bildungsunternehmen_01\" width=\"265\" height=\"398\" srcset=\"https:\/\/www.fuldaernachrichten.de\/wp-content\/uploads\/2016\/04\/Girls-Day-im-Bildungsunternehmen_01-265x398.jpg 265w, https:\/\/www.fuldaernachrichten.de\/wp-content\/uploads\/2016\/04\/Girls-Day-im-Bildungsunternehmen_01-177x265.jpg 177w, https:\/\/www.fuldaernachrichten.de\/wp-content\/uploads\/2016\/04\/Girls-Day-im-Bildungsunternehmen_01-768x1152.jpg 768w, https:\/\/www.fuldaernachrichten.de\/wp-content\/uploads\/2016\/04\/Girls-Day-im-Bildungsunternehmen_01-400x600.jpg 400w, https:\/\/www.fuldaernachrichten.de\/wp-content\/uploads\/2016\/04\/Girls-Day-im-Bildungsunternehmen_01.jpg 900w\" sizes=\"(max-width: 265px) 100vw, 265px\" \/>Vielf\u00e4ltige Arbeitsbereiche lernten drei Sch\u00fclerinnen und zwei Sch\u00fcler w\u00e4hrend des Girls und Boys Day im Bildungsunternehmen Dr. Jordan kennen. W\u00e4hrend die Jungs den Unterricht in der Privaten Grundschule miterleben konnten, hatten die M\u00e4dchen Gelegenheit, die Facility-Manager zu begleiten. Ein gemeinsames Mittagessen in der hauseigenen Mensa rundete den Tag ab.<\/p>\n","protected":false},"excerpt":{"rendered":"<div class=\"tmnf_excerpt\"><p>Vielf\u00e4ltige Arbeitsbereiche lernten drei Sch\u00fclerinnen und zwei Sch\u00fcler w\u00e4hrend des Girls und Boys Day im Bildungsunternehmen Dr. Jordan kennen. W\u00e4hrend die Jungs den Unterricht in der Privaten Grundschule miterleben konnten, hatten die M\u00e4dchen Gelegenheit, die Facility-Manager zu begleiten. Ein gemeinsames Mittagessen in der hauseigenen Mensa rundete den Tag ab.<\/p>\n<\/div>","protected":false},"author":1,"featured_media":150681,"comment_status":"closed","ping_status":"closed","sticky":false,"template":"","format":"standard","meta":{"footnotes":""},"categories":[1],"tags":[],"class_list":["post-150680","post","type-post","status-publish","format-standard","has-post-thumbnail","hentry","category-startseite"],"_links":{"self":[{"href":"https:\/\/www.fuldaernachrichten.de\/index.php?rest_route=\/wp\/v2\/posts\/150680","targetHints":{"allow":["GET"]}}],"collection":[{"href":"https:\/\/www.fuldaernachrichten.de\/index.php?rest_route=\/wp\/v2\/posts"}],"about":[{"href":"https:\/\/www.fuldaernachrichten.de\/index.php?rest_route=\/wp\/v2\/types\/post"}],"author":[{"embeddable":true,"href":"https:\/\/www.fuldaernachrichten.de\/index.php?rest_route=\/wp\/v2\/users\/1"}],"replies":[{"embeddable":true,"href":"https:\/\/www.fuldaernachrichten.de\/index.php?rest_route=%2Fwp%2Fv2%2Fcomments&post=150680"}],"version-history":[{"count":1,"href":"https:\/\/www.fuldaernachrichten.de\/index.php?rest_route=\/wp\/v2\/posts\/150680\/revisions"}],"predecessor-version":[{"id":150683,"href":"https:\/\/www.fuldaernachrichten.de\/index.php?rest_route=\/wp\/v2\/posts\/150680\/revisions\/150683"}],"wp:featuredmedia":[{"embeddable":true,"href":"https:\/\/www.fuldaernachrichten.de\/index.php?rest_route=\/wp\/v2\/media\/150681"}],"wp:attachment":[{"href":"https:\/\/www.fuldaernachrichten.de\/index.php?rest_route=%2Fwp%2Fv2%2Fmedia&parent=150680"}],"wp:term":[{"taxonomy":"category","embeddable":true,"href":"https:\/\/www.fuldaernachrichten.de\/index.php?rest_route=%2Fwp%2Fv2%2Fcategories&post=150680"},{"taxonomy":"post_tag","embeddable":true,"href":"https:\/\/www.fuldaernachrichten.de\/index.php?rest_route=%2Fwp%2Fv2%2Ftags&post=150680"}],"curies":[{"name":"wp","href":"https:\/\/api.w.org\/{rel}","templated":true}]}}