{"id":150651,"date":"2016-04-28T16:17:19","date_gmt":"2016-04-28T14:17:19","guid":{"rendered":"http:\/\/www.fuldaer-nachrichten.de\/?p=150651"},"modified":"2016-04-28T16:18:49","modified_gmt":"2016-04-28T14:18:49","slug":"ein-cooler-tag-im-lebensmittel-grosshandel-girls-und-boys-day-in-der-wehner-groma","status":"publish","type":"post","link":"https:\/\/www.fuldaernachrichten.de\/?p=150651","title":{"rendered":"Ein \u201ecooler\u201c Tag im Lebensmittel-Gro\u00dfhandel  Girls&#8217; und Boys&#8217; Day in der Wehner Groma"},"content":{"rendered":"<p>Wie funktioniert eigentlich eine Kasse mit Scanner in einem Gro\u00dfhandel? Wie werden Lebensmittel richtig gelagert? Worauf kommt es bei der Lieferung von frischer Ware an? Antworten auf diese Fragen haben heute sieben M\u00e4dchen und ein Junge anl\u00e4sslich des bundesweiten Girls&#8217; und Boys&#8217; Day in der Fuldaer Zentrale der Wehner Groma erhalten. W\u00e4hrend des Tages standen die Berufe Kaufmann\/-frau im Gro\u00df- und Einzelhandel sowie Fachkraft f\u00fcr Lagerlogistik im Blickpunkt. Gemeinsam mit den Mitarbeitern des Unternehmens waren die Jugendlichen auf dem Gel\u00e4nde unterwegs und haben zahlreiche Abteilungen wie Frische, Getr\u00e4nke, S\u00fc\u00dfwaren, Kommission und den Telefonverkauf kennengelernt. Als besondere Erfahrung haben die Sch\u00fclerinnen und Sch\u00fcler im Alter von 11 bis 15 Jahren einige Minuten bei minus 20 Grad im neuen Tiefk\u00fchllager der Groma verbracht \u2013 bis es ihnen zu kalt wurde.<\/p>\n<p>BU: Ein \u201ecooler\u201c Einblick ins Tiefk\u00fchlhaus: Die Teilnehmerinnen und Teilnehmer mit Gesch\u00e4ftsf\u00fchrer Hermann Schneider (4.v.r.) und dem stellvertretenden Marktleiter Tino Schnobl (6.v.r.).<\/p>\n","protected":false},"excerpt":{"rendered":"<div class=\"tmnf_excerpt\"><p>Wie funktioniert eigentlich eine Kasse mit Scanner in einem Gro\u00dfhandel? Wie werden Lebensmittel richtig gelagert? Worauf kommt es bei der Lieferung von frischer Ware an? Antworten auf diese Fragen haben heute sieben M\u00e4dchen und ein Junge anl\u00e4sslich des bundesweiten Girls&#8217; und Boys&#8217; Day in der Fuldaer Zentrale der Wehner Groma erhalten. W\u00e4hrend des Tages standen &hellip;<\/p>\n<\/div>","protected":false},"author":1,"featured_media":150664,"comment_status":"closed","ping_status":"closed","sticky":false,"template":"","format":"standard","meta":{"footnotes":""},"categories":[1],"tags":[],"class_list":["post-150651","post","type-post","status-publish","format-standard","has-post-thumbnail","hentry","category-startseite"],"_links":{"self":[{"href":"https:\/\/www.fuldaernachrichten.de\/index.php?rest_route=\/wp\/v2\/posts\/150651","targetHints":{"allow":["GET"]}}],"collection":[{"href":"https:\/\/www.fuldaernachrichten.de\/index.php?rest_route=\/wp\/v2\/posts"}],"about":[{"href":"https:\/\/www.fuldaernachrichten.de\/index.php?rest_route=\/wp\/v2\/types\/post"}],"author":[{"embeddable":true,"href":"https:\/\/www.fuldaernachrichten.de\/index.php?rest_route=\/wp\/v2\/users\/1"}],"replies":[{"embeddable":true,"href":"https:\/\/www.fuldaernachrichten.de\/index.php?rest_route=%2Fwp%2Fv2%2Fcomments&post=150651"}],"version-history":[{"count":2,"href":"https:\/\/www.fuldaernachrichten.de\/index.php?rest_route=\/wp\/v2\/posts\/150651\/revisions"}],"predecessor-version":[{"id":150666,"href":"https:\/\/www.fuldaernachrichten.de\/index.php?rest_route=\/wp\/v2\/posts\/150651\/revisions\/150666"}],"wp:featuredmedia":[{"embeddable":true,"href":"https:\/\/www.fuldaernachrichten.de\/index.php?rest_route=\/wp\/v2\/media\/150664"}],"wp:attachment":[{"href":"https:\/\/www.fuldaernachrichten.de\/index.php?rest_route=%2Fwp%2Fv2%2Fmedia&parent=150651"}],"wp:term":[{"taxonomy":"category","embeddable":true,"href":"https:\/\/www.fuldaernachrichten.de\/index.php?rest_route=%2Fwp%2Fv2%2Fcategories&post=150651"},{"taxonomy":"post_tag","embeddable":true,"href":"https:\/\/www.fuldaernachrichten.de\/index.php?rest_route=%2Fwp%2Fv2%2Ftags&post=150651"}],"curies":[{"name":"wp","href":"https:\/\/api.w.org\/{rel}","templated":true}]}}