{"id":150647,"date":"2016-04-28T16:16:47","date_gmt":"2016-04-28T14:16:47","guid":{"rendered":"http:\/\/www.fuldaer-nachrichten.de\/?p=150647"},"modified":"2016-04-28T16:16:56","modified_gmt":"2016-04-28T14:16:56","slug":"mit-dem-schrauber-ins-berufsinformationszentrum-14-maedchen-zerlegten-beim-girls-day-in-der-arbeitsagentur-fulda-rechner","status":"publish","type":"post","link":"https:\/\/www.fuldaernachrichten.de\/?p=150647","title":{"rendered":"Mit dem Schrauber ins Berufsinformationszentrum 14 M\u00e4dchen zerlegten beim Girls Day in der Arbeitsagentur Fulda Rechner"},"content":{"rendered":"<p><img decoding=\"async\" class=\"alignleft size-thumbnail wp-image-150657\" src=\"http:\/\/www.fuldaer-nachrichten.de\/wp-content\/uploads\/2016\/04\/DSC_0010-265x176.jpg\" alt=\"DSC_0010\" width=\"265\" height=\"176\" srcset=\"https:\/\/www.fuldaernachrichten.de\/wp-content\/uploads\/2016\/04\/DSC_0010-265x176.jpg 265w, https:\/\/www.fuldaernachrichten.de\/wp-content\/uploads\/2016\/04\/DSC_0010-768x510.jpg 768w, https:\/\/www.fuldaernachrichten.de\/wp-content\/uploads\/2016\/04\/DSC_0010-600x399.jpg 600w, https:\/\/www.fuldaernachrichten.de\/wp-content\/uploads\/2016\/04\/DSC_0010.jpg 900w\" sizes=\"(max-width: 265px) 100vw, 265px\" \/>Das Berufsinformationszentrum wurde am Girls Day zur Werkstatt: 14 technik-interessierte M\u00e4dchen lernten heute in der Arbeitsagentur Fulda das Innenleben eines Computers kennen. Zusammen mit IT-Experten des regionalen IT-Service der Arbeitsagentur zerlegten sie Rechner in Einzelteile und bauten sie wieder zusammen. Nach vier Stunden regem Schrauben und Basteln wussten die 11- bis 16-J\u00e4hrigen, wie ein Rechner funktioniert, aus welchen Teilen er sich zusammensetzt und welche Ver\u00e4nderungen m\u00f6glich sind. Zugleich erfuhren sie aus erster Hand Wissenswertes \u00fcber den Beruf des Fachinformatikers.<\/p>\n<p>\u201eZiel ist es, die M\u00e4dchen f\u00fcr Mathematik, Naturwissenschaft und Technik zu begeistern, unter anderem um dem drohenden Fachkr\u00e4ftemangel, besonders in den Ingenieurberufen, entgegenzuwirken.\u201c, erkl\u00e4rte Melanie Bonacker, Beauftragte f\u00fcr Chancengleichheit am Arbeitsmarkt. Die Grundlagen hierf\u00fcr w\u00fcrden m\u00f6glichst fr\u00fch gelegt.<\/p>\n<p>Das Gruppenbild zeigt die Fachinformatiker des regionalen IT-Services, Christian Basche und Christian Jantzen, zusammen mit den technik-begeisterten Sch\u00fclerinnen aus den 5. Bis 9. Klassen.<\/p>\n","protected":false},"excerpt":{"rendered":"<div class=\"tmnf_excerpt\"><p>Das Berufsinformationszentrum wurde am Girls Day zur Werkstatt: 14 technik-interessierte M\u00e4dchen lernten heute in der Arbeitsagentur Fulda das Innenleben eines Computers kennen. Zusammen mit IT-Experten des regionalen IT-Service der Arbeitsagentur zerlegten sie Rechner in Einzelteile und bauten sie wieder zusammen. Nach vier Stunden regem Schrauben und Basteln wussten die 11- bis 16-J\u00e4hrigen, wie ein Rechner &hellip;<\/p>\n<\/div>","protected":false},"author":1,"featured_media":150655,"comment_status":"closed","ping_status":"closed","sticky":false,"template":"","format":"standard","meta":{"footnotes":""},"categories":[1],"tags":[],"class_list":["post-150647","post","type-post","status-publish","format-standard","has-post-thumbnail","hentry","category-startseite"],"_links":{"self":[{"href":"https:\/\/www.fuldaernachrichten.de\/index.php?rest_route=\/wp\/v2\/posts\/150647","targetHints":{"allow":["GET"]}}],"collection":[{"href":"https:\/\/www.fuldaernachrichten.de\/index.php?rest_route=\/wp\/v2\/posts"}],"about":[{"href":"https:\/\/www.fuldaernachrichten.de\/index.php?rest_route=\/wp\/v2\/types\/post"}],"author":[{"embeddable":true,"href":"https:\/\/www.fuldaernachrichten.de\/index.php?rest_route=\/wp\/v2\/users\/1"}],"replies":[{"embeddable":true,"href":"https:\/\/www.fuldaernachrichten.de\/index.php?rest_route=%2Fwp%2Fv2%2Fcomments&post=150647"}],"version-history":[{"count":1,"href":"https:\/\/www.fuldaernachrichten.de\/index.php?rest_route=\/wp\/v2\/posts\/150647\/revisions"}],"predecessor-version":[{"id":150658,"href":"https:\/\/www.fuldaernachrichten.de\/index.php?rest_route=\/wp\/v2\/posts\/150647\/revisions\/150658"}],"wp:featuredmedia":[{"embeddable":true,"href":"https:\/\/www.fuldaernachrichten.de\/index.php?rest_route=\/wp\/v2\/media\/150655"}],"wp:attachment":[{"href":"https:\/\/www.fuldaernachrichten.de\/index.php?rest_route=%2Fwp%2Fv2%2Fmedia&parent=150647"}],"wp:term":[{"taxonomy":"category","embeddable":true,"href":"https:\/\/www.fuldaernachrichten.de\/index.php?rest_route=%2Fwp%2Fv2%2Fcategories&post=150647"},{"taxonomy":"post_tag","embeddable":true,"href":"https:\/\/www.fuldaernachrichten.de\/index.php?rest_route=%2Fwp%2Fv2%2Ftags&post=150647"}],"curies":[{"name":"wp","href":"https:\/\/api.w.org\/{rel}","templated":true}]}}