{"id":150644,"date":"2016-04-28T16:16:18","date_gmt":"2016-04-28T14:16:18","guid":{"rendered":"http:\/\/www.fuldaer-nachrichten.de\/?p=150644"},"modified":"2016-04-28T16:16:18","modified_gmt":"2016-04-28T14:16:18","slug":"blick-hinter-die-kulissen-der-produktion-17-maedchen-beim-15-girlsday-im-hause-fcn","status":"publish","type":"post","link":"https:\/\/www.fuldaernachrichten.de\/?p=150644","title":{"rendered":"Blick hinter die Kulissen der Produktion 17 M\u00e4dchen beim 15. Girls\u00e2\u20ac\u02dcDay im Hause FCN"},"content":{"rendered":"<p>Bereits zum 15. Mal beteiligte sich FCN in diesem Jahr am traditionellen Girls\u00e2\u20ac\u02dcDay. 17 M\u00e4dchen im Alter zwischen 10 und 15 Jahren hatten sich angemeldet, um sich zu informieren, welche Ausbildungsberufe das Traditionsunternehmen mit Hauptsitz in Fulda anbietet. Vor Ort konnten die Sch\u00fclerinnen einen Blick hinter die Kulissen werfen und erhielten jede Menge Informationen rund um die M\u00f6glichkeiten der Ausbildung in den Gesch\u00e4ftsfeldern der Franz Carl N\u00fcdling Basaltwerke GmbH + Co. KG.<\/p>\n<p>Zuerst wurden das Unternehmen und insbesondere der Bereich Ausbildung vorgestellt, anschlie\u00dfend konnten die M\u00e4dchen die FCN-Verwaltung besichtigen. Nach einem gemeinsamen Fr\u00fchst\u00fcck besuchten die 17 M\u00e4dchen auch die Tochtergesellschaft F.C. N\u00fcdling Fertigteiltechnik. Dort wurde die Entstehung von Massivw\u00e4nden vorgestellt. <\/p>\n<p>Ein Besuch im Baustofflabor, der den M\u00e4dchen Gelegenheit bot, sich einmal selbst an den zahlreichen Baumaterialien wie Zement, Beton und Farbpigmenten zu versuchen, rundete den interessanten Vormittag ab. Besonderes Highlight: Die Sch\u00fclerinnen konnten einen Abdruck der eigenen H\u00e4nde in Beton gie\u00dfen und als Erinnerung mit nach Hause nehmen. <\/p>\n<p>Nach einem Gruppenfoto und der \u00dcbergabe eines kleines Erinnerungsgeschenkes lautete das einhellige Fazit aller Beteiligten, einschlie\u00dflich der Organisatoren: \u201eDas war ein spannender Girls\u00e2\u20ac\u2122Day. Die Zeit ist wie im Flug vergangen!\u201c <\/p>\n","protected":false},"excerpt":{"rendered":"<div class=\"tmnf_excerpt\"><p>Bereits zum 15. Mal beteiligte sich FCN in diesem Jahr am traditionellen Girls\u00e2\u20ac\u02dcDay. 17 M\u00e4dchen im Alter zwischen 10 und 15 Jahren hatten sich angemeldet, um sich zu informieren, welche Ausbildungsberufe das Traditionsunternehmen mit Hauptsitz in Fulda anbietet. Vor Ort konnten die Sch\u00fclerinnen einen Blick hinter die Kulissen werfen und erhielten jede Menge Informationen rund &hellip;<\/p>\n<\/div>","protected":false},"author":1,"featured_media":150652,"comment_status":"closed","ping_status":"closed","sticky":false,"template":"","format":"standard","meta":{"footnotes":""},"categories":[1],"tags":[],"class_list":["post-150644","post","type-post","status-publish","format-standard","has-post-thumbnail","hentry","category-startseite"],"_links":{"self":[{"href":"https:\/\/www.fuldaernachrichten.de\/index.php?rest_route=\/wp\/v2\/posts\/150644","targetHints":{"allow":["GET"]}}],"collection":[{"href":"https:\/\/www.fuldaernachrichten.de\/index.php?rest_route=\/wp\/v2\/posts"}],"about":[{"href":"https:\/\/www.fuldaernachrichten.de\/index.php?rest_route=\/wp\/v2\/types\/post"}],"author":[{"embeddable":true,"href":"https:\/\/www.fuldaernachrichten.de\/index.php?rest_route=\/wp\/v2\/users\/1"}],"replies":[{"embeddable":true,"href":"https:\/\/www.fuldaernachrichten.de\/index.php?rest_route=%2Fwp%2Fv2%2Fcomments&post=150644"}],"version-history":[{"count":1,"href":"https:\/\/www.fuldaernachrichten.de\/index.php?rest_route=\/wp\/v2\/posts\/150644\/revisions"}],"predecessor-version":[{"id":150656,"href":"https:\/\/www.fuldaernachrichten.de\/index.php?rest_route=\/wp\/v2\/posts\/150644\/revisions\/150656"}],"wp:featuredmedia":[{"embeddable":true,"href":"https:\/\/www.fuldaernachrichten.de\/index.php?rest_route=\/wp\/v2\/media\/150652"}],"wp:attachment":[{"href":"https:\/\/www.fuldaernachrichten.de\/index.php?rest_route=%2Fwp%2Fv2%2Fmedia&parent=150644"}],"wp:term":[{"taxonomy":"category","embeddable":true,"href":"https:\/\/www.fuldaernachrichten.de\/index.php?rest_route=%2Fwp%2Fv2%2Fcategories&post=150644"},{"taxonomy":"post_tag","embeddable":true,"href":"https:\/\/www.fuldaernachrichten.de\/index.php?rest_route=%2Fwp%2Fv2%2Ftags&post=150644"}],"curies":[{"name":"wp","href":"https:\/\/api.w.org\/{rel}","templated":true}]}}