{"id":150639,"date":"2016-04-28T16:14:51","date_gmt":"2016-04-28T14:14:51","guid":{"rendered":"http:\/\/www.fuldaer-nachrichten.de\/?p=150639"},"modified":"2016-04-28T16:14:51","modified_gmt":"2016-04-28T14:14:51","slug":"girls-und-boysday-17-maedchen-und-jungen-in-der-kreisverwaltung-vogelsberg","status":"publish","type":"post","link":"https:\/\/www.fuldaernachrichten.de\/?p=150639","title":{"rendered":"Girls\u00e2\u20ac\u02dc- und Boys\u00e2\u20ac\u2122Day: 17 M\u00e4dchen und Jungen in der Kreisverwaltung Vogelsberg"},"content":{"rendered":"<p>Gleichstellungsbeauftragte ermutigte zum Austesten \u2013 von Allgemeiner Gefahrenabwehr bis Veterin\u00e4ramt<\/p>\n<p>Beim diesj\u00e4hrigen Zukunftstag \u2013 dem 16. Girls\u00e2\u20ac\u02dc- und Boys\u00e2\u20ac\u02dcDay \u2013 haben 17 M\u00e4dchen und Jungen der Jahrgangsstufen 5 bis 10 f\u00fcr einen halben Tag lang in verschiedene Berufsfelder der Kreisverwaltung reingeschnuppert. Die Gleichstellungs- und Migrationsbeauftragte Magdalena Pitzer hie\u00df die Jugendlichen zusammen mit dem Haupt- und Personalamtsleiter Ulrich Sch\u00e4fer und der Ausbildungsleiterin Julia Wei\u00dfm\u00fcller willkommen und stellte sie ihren Betreuerinnen und Betreuern vor. \u201eIch freue mich, dass ihr euch umschaut und versucht herauszufinden, was zu euch und euren Interessen passt. Es gibt in einer Kreisverwaltung viele verschiedene Berufsfelder zu entdecken.\u201c<\/p>\n<p>Die Jungen und M\u00e4dchen waren in der Verkehrsbeh\u00f6rde und der allgemeinen Gefahrenabwehr im Amt f\u00fcr Aufsichts- und Ordnungsangelegenheiten, in der Poststelle des Haupt- und Personalamts, im Amt f\u00fcr den l\u00e4ndlichen Raum und Daseinsvorsorge, im Gesundheitsamt, im Amt f\u00fcr Veterin\u00e4rwesen und Verbraucherschutz sowie im Kommunalen Jobcenter KVA des Amts f\u00fcr Soziale Sicherung \u201eeingesetzt\u201c.<\/p>\n<p>Die Tagespraktikanten und -praktikantinnen waren: Anna Katharina Elisabeth Velten (Alsfeld), David Schlosser (Feldatal), Raven Joshua Becker (Fulda), Johannes von Sch\u00f6nfels (Herbstein), Kassandra Josefine Paliga (Schotten), Vanessa Bleser (Lauterbach), David van der Sluijs (Grebenau), Konstantin Sternstein (Wartenberg), Julia Kwast (Lauterbach), Beritan \u00d6zalp (Lauterbach), Julia Mithin (Lauterbach), Jule Kuhlmann (Lauterbach), Katrin Stipurin (Lauterbach), Andreas Gromoll (Grebenau), Jonas Happ (Hattenhof), Sebastian Brockelt (Wartenberg) und Viktoria Vildt (Lauterbach).<\/p>\n","protected":false},"excerpt":{"rendered":"<div class=\"tmnf_excerpt\"><p>Gleichstellungsbeauftragte ermutigte zum Austesten \u2013 von Allgemeiner Gefahrenabwehr bis Veterin\u00e4ramt Beim diesj\u00e4hrigen Zukunftstag \u2013 dem 16. Girls\u00e2\u20ac\u02dc- und Boys\u00e2\u20ac\u02dcDay \u2013 haben 17 M\u00e4dchen und Jungen der Jahrgangsstufen 5 bis 10 f\u00fcr einen halben Tag lang in verschiedene Berufsfelder der Kreisverwaltung reingeschnuppert. Die Gleichstellungs- und Migrationsbeauftragte Magdalena Pitzer hie\u00df die Jugendlichen zusammen mit dem Haupt- und &hellip;<\/p>\n<\/div>","protected":false},"author":1,"featured_media":150648,"comment_status":"closed","ping_status":"closed","sticky":false,"template":"","format":"standard","meta":{"footnotes":""},"categories":[1],"tags":[],"class_list":["post-150639","post","type-post","status-publish","format-standard","has-post-thumbnail","hentry","category-startseite"],"_links":{"self":[{"href":"https:\/\/www.fuldaernachrichten.de\/index.php?rest_route=\/wp\/v2\/posts\/150639","targetHints":{"allow":["GET"]}}],"collection":[{"href":"https:\/\/www.fuldaernachrichten.de\/index.php?rest_route=\/wp\/v2\/posts"}],"about":[{"href":"https:\/\/www.fuldaernachrichten.de\/index.php?rest_route=\/wp\/v2\/types\/post"}],"author":[{"embeddable":true,"href":"https:\/\/www.fuldaernachrichten.de\/index.php?rest_route=\/wp\/v2\/users\/1"}],"replies":[{"embeddable":true,"href":"https:\/\/www.fuldaernachrichten.de\/index.php?rest_route=%2Fwp%2Fv2%2Fcomments&post=150639"}],"version-history":[{"count":1,"href":"https:\/\/www.fuldaernachrichten.de\/index.php?rest_route=\/wp\/v2\/posts\/150639\/revisions"}],"predecessor-version":[{"id":150649,"href":"https:\/\/www.fuldaernachrichten.de\/index.php?rest_route=\/wp\/v2\/posts\/150639\/revisions\/150649"}],"wp:featuredmedia":[{"embeddable":true,"href":"https:\/\/www.fuldaernachrichten.de\/index.php?rest_route=\/wp\/v2\/media\/150648"}],"wp:attachment":[{"href":"https:\/\/www.fuldaernachrichten.de\/index.php?rest_route=%2Fwp%2Fv2%2Fmedia&parent=150639"}],"wp:term":[{"taxonomy":"category","embeddable":true,"href":"https:\/\/www.fuldaernachrichten.de\/index.php?rest_route=%2Fwp%2Fv2%2Fcategories&post=150639"},{"taxonomy":"post_tag","embeddable":true,"href":"https:\/\/www.fuldaernachrichten.de\/index.php?rest_route=%2Fwp%2Fv2%2Ftags&post=150639"}],"curies":[{"name":"wp","href":"https:\/\/api.w.org\/{rel}","templated":true}]}}