{"id":150621,"date":"2016-04-28T16:15:20","date_gmt":"2016-04-28T14:15:20","guid":{"rendered":"http:\/\/www.fuldaer-nachrichten.de\/?p=150621"},"modified":"2016-04-28T16:15:20","modified_gmt":"2016-04-28T14:15:20","slug":"wenn-kinder-lernen-nein-zu-sagen","status":"publish","type":"post","link":"https:\/\/www.fuldaernachrichten.de\/?p=150621","title":{"rendered":"Wenn Kinder lernen, Nein zu sagen"},"content":{"rendered":"<p><img decoding=\"async\" src=\"http:\/\/www.fuldaer-nachrichten.de\/wp-content\/uploads\/2016\/04\/Impressionen-1_bea-265x176.jpg\" alt=\"Impressionen 1_bea\" width=\"265\" height=\"176\" class=\"alignleft size-thumbnail wp-image-150632\" srcset=\"https:\/\/www.fuldaernachrichten.de\/wp-content\/uploads\/2016\/04\/Impressionen-1_bea-265x176.jpg 265w, https:\/\/www.fuldaernachrichten.de\/wp-content\/uploads\/2016\/04\/Impressionen-1_bea-768x511.jpg 768w, https:\/\/www.fuldaernachrichten.de\/wp-content\/uploads\/2016\/04\/Impressionen-1_bea-600x399.jpg 600w, https:\/\/www.fuldaernachrichten.de\/wp-content\/uploads\/2016\/04\/Impressionen-1_bea.jpg 900w\" sizes=\"(max-width: 265px) 100vw, 265px\" \/>Die ZUFALL logistics group unterst\u00fctzt die p\u00e4dagogische Arbeit der Kindertagesst\u00e4tte \u201eDreik\u00e4sehoch\u201c in Fulda. Das Sponsoring des Logistikdienstleisters erm\u00f6glichte der Einrichtung, einen Selbstbehauptungskurs f\u00fcr Vorschulkinder zu organisieren.<\/p>\n<p><img decoding=\"async\" src=\"http:\/\/www.fuldaer-nachrichten.de\/wp-content\/uploads\/2016\/04\/Impressionen-2_bea-265x177.jpg\" alt=\"Impressionen 2_bea\" width=\"265\" height=\"177\" class=\"alignleft size-thumbnail wp-image-150631\" srcset=\"https:\/\/www.fuldaernachrichten.de\/wp-content\/uploads\/2016\/04\/Impressionen-2_bea-265x177.jpg 265w, https:\/\/www.fuldaernachrichten.de\/wp-content\/uploads\/2016\/04\/Impressionen-2_bea-768x512.jpg 768w, https:\/\/www.fuldaernachrichten.de\/wp-content\/uploads\/2016\/04\/Impressionen-2_bea-600x400.jpg 600w, https:\/\/www.fuldaernachrichten.de\/wp-content\/uploads\/2016\/04\/Impressionen-2_bea.jpg 900w\" sizes=\"(max-width: 265px) 100vw, 265px\" \/>\u201eWir sind immer gerne bereit, uns aktiv f\u00fcr unseren Betriebskindergarten zu engagieren\u201c, erkl\u00e4rt Karl-Hermann Ziegler, Bereichsleiter Personalwesen bei ZUFALL Fulda. Seine Niederlassung will damit einen Beitrag dazu leisten, dass die Kinder dort optimal in ihrer Entwicklung gef\u00f6rdert werden k\u00f6nnen. Davon profitierten in dieser Woche acht M\u00e4dchen und Jungen im Vorschulalter, die in der Kita \u201eDreik\u00e4sehoch\u201c an einem Selbstbehauptungskurs teilnahmen. Die Veranstaltung war f\u00fcr sie der Abschluss einer mehrmonatigen Aktionsreihe zur Gewaltvorbeugung. Mit Peter Wengler, Coach des Instituts f\u00fcr Gewaltpr\u00e4vention, Selbstbehauptung und Konflikttraining (I-GSK), \u00fcbten die Kinder, wie sie Stress- oder Konfliktsituationen bew\u00e4ltigen k\u00f6nnen. Bei dem alltagsnahen Training lernten sie beispielsweise spielerisch, dass es oft reicht, \u201eNein\u201c zu sagen, um eine f\u00fcr sie unangenehme Lage zu beenden. \u201eDas Ziel dieses Kurses war es, die soziale und emotionale Kompetenz der Kinder, vor allem aber ihr Selbstbewusstsein zu st\u00e4rken\u201c, erkl\u00e4rt Sandra Hahling, Leiterin der Kindertagesst\u00e4tte. Sie ist dankbar, dass ZUFALL Fulda durch sein Sponsoring das Zustandekommen des Selbstbehauptungskurses gesichert hat. <\/p>\n<p><img decoding=\"async\" src=\"http:\/\/www.fuldaer-nachrichten.de\/wp-content\/uploads\/2016\/04\/Impressionen-3_bea-265x177.jpg\" alt=\"Impressionen 3_bea\" width=\"265\" height=\"177\" class=\"alignleft size-thumbnail wp-image-150630\" srcset=\"https:\/\/www.fuldaernachrichten.de\/wp-content\/uploads\/2016\/04\/Impressionen-3_bea-265x177.jpg 265w, https:\/\/www.fuldaernachrichten.de\/wp-content\/uploads\/2016\/04\/Impressionen-3_bea-768x512.jpg 768w, https:\/\/www.fuldaernachrichten.de\/wp-content\/uploads\/2016\/04\/Impressionen-3_bea-600x400.jpg 600w, https:\/\/www.fuldaernachrichten.de\/wp-content\/uploads\/2016\/04\/Impressionen-3_bea.jpg 900w\" sizes=\"(max-width: 265px) 100vw, 265px\" \/>Denn: Daf\u00fcr war die Mindestbeteiligung von acht Jungen und M\u00e4dchen erforderlich und ZUFALL hat f\u00fcr sie alle die Geb\u00fchren \u00fcbernommen. \u201eWenn es um die Unterst\u00fctzung von Kindern geht, helfen wir gern\u201c, sagt Karl-Hermann Ziegler. Das ist ganz im Sinne des Gedankens \u201eKinder sind unsere Zukunft\u201c, dem sich die ZUFALL logistics group verpflichtet f\u00fchlt und sich seit mehreren Jahren f\u00fcr ausgew\u00e4hlte regionale Initiativen f\u00fcr Kinder und Jugendliche engagiert. Mit der Einrichtung \u201eDreik\u00e4sehoch\u201c kooperiert ZUFALL Fulda seit 2014. In der Betriebskindertagesst\u00e4tte hat die Niederlassung \u2013 ebenso wie die Stadt Fulda und drei weitere Unternehmen \u2013 ein Kontingent von Betreuungspl\u00e4tzen f\u00fcr Mitarbeiterkinder gebucht. <\/p>\n","protected":false},"excerpt":{"rendered":"<div class=\"tmnf_excerpt\"><p>Die ZUFALL logistics group unterst\u00fctzt die p\u00e4dagogische Arbeit der Kindertagesst\u00e4tte \u201eDreik\u00e4sehoch\u201c in Fulda. Das Sponsoring des Logistikdienstleisters erm\u00f6glichte der Einrichtung, einen Selbstbehauptungskurs f\u00fcr Vorschulkinder zu organisieren. \u201eWir sind immer gerne bereit, uns aktiv f\u00fcr unseren Betriebskindergarten zu engagieren\u201c, erkl\u00e4rt Karl-Hermann Ziegler, Bereichsleiter Personalwesen bei ZUFALL Fulda. Seine Niederlassung will damit einen Beitrag dazu leisten, dass &hellip;<\/p>\n<\/div>","protected":false},"author":1,"featured_media":150634,"comment_status":"closed","ping_status":"closed","sticky":false,"template":"","format":"standard","meta":{"footnotes":""},"categories":[1],"tags":[],"class_list":["post-150621","post","type-post","status-publish","format-standard","has-post-thumbnail","hentry","category-startseite"],"_links":{"self":[{"href":"https:\/\/www.fuldaernachrichten.de\/index.php?rest_route=\/wp\/v2\/posts\/150621","targetHints":{"allow":["GET"]}}],"collection":[{"href":"https:\/\/www.fuldaernachrichten.de\/index.php?rest_route=\/wp\/v2\/posts"}],"about":[{"href":"https:\/\/www.fuldaernachrichten.de\/index.php?rest_route=\/wp\/v2\/types\/post"}],"author":[{"embeddable":true,"href":"https:\/\/www.fuldaernachrichten.de\/index.php?rest_route=\/wp\/v2\/users\/1"}],"replies":[{"embeddable":true,"href":"https:\/\/www.fuldaernachrichten.de\/index.php?rest_route=%2Fwp%2Fv2%2Fcomments&post=150621"}],"version-history":[{"count":1,"href":"https:\/\/www.fuldaernachrichten.de\/index.php?rest_route=\/wp\/v2\/posts\/150621\/revisions"}],"predecessor-version":[{"id":150650,"href":"https:\/\/www.fuldaernachrichten.de\/index.php?rest_route=\/wp\/v2\/posts\/150621\/revisions\/150650"}],"wp:featuredmedia":[{"embeddable":true,"href":"https:\/\/www.fuldaernachrichten.de\/index.php?rest_route=\/wp\/v2\/media\/150634"}],"wp:attachment":[{"href":"https:\/\/www.fuldaernachrichten.de\/index.php?rest_route=%2Fwp%2Fv2%2Fmedia&parent=150621"}],"wp:term":[{"taxonomy":"category","embeddable":true,"href":"https:\/\/www.fuldaernachrichten.de\/index.php?rest_route=%2Fwp%2Fv2%2Fcategories&post=150621"},{"taxonomy":"post_tag","embeddable":true,"href":"https:\/\/www.fuldaernachrichten.de\/index.php?rest_route=%2Fwp%2Fv2%2Ftags&post=150621"}],"curies":[{"name":"wp","href":"https:\/\/api.w.org\/{rel}","templated":true}]}}