{"id":150607,"date":"2016-04-27T12:03:22","date_gmt":"2016-04-27T10:03:22","guid":{"rendered":"http:\/\/www.fuldaer-nachrichten.de\/?p=150607"},"modified":"2016-04-27T12:03:22","modified_gmt":"2016-04-27T10:03:22","slug":"berufsorientierung-fuer-schuelerinnen-und-schueler-im-bbz-mitte","status":"publish","type":"post","link":"https:\/\/www.fuldaernachrichten.de\/?p=150607","title":{"rendered":"Berufsorientierung f\u00fcr Sch\u00fclerinnen und Sch\u00fcler im BBZ Mitte"},"content":{"rendered":"<p><img fetchpriority=\"high\" decoding=\"async\" src=\"http:\/\/www.fuldaer-nachrichten.de\/wp-content\/uploads\/2016\/04\/BBZ_Berufsorientierung_01-265x399.jpg\" alt=\"BBZ_Berufsorientierung_01\" width=\"265\" height=\"399\" class=\"alignleft size-thumbnail wp-image-150613\" srcset=\"https:\/\/www.fuldaernachrichten.de\/wp-content\/uploads\/2016\/04\/BBZ_Berufsorientierung_01-265x399.jpg 265w, https:\/\/www.fuldaernachrichten.de\/wp-content\/uploads\/2016\/04\/BBZ_Berufsorientierung_01-176x265.jpg 176w, https:\/\/www.fuldaernachrichten.de\/wp-content\/uploads\/2016\/04\/BBZ_Berufsorientierung_01-768x1155.jpg 768w, https:\/\/www.fuldaernachrichten.de\/wp-content\/uploads\/2016\/04\/BBZ_Berufsorientierung_01-399x600.jpg 399w, https:\/\/www.fuldaernachrichten.de\/wp-content\/uploads\/2016\/04\/BBZ_Berufsorientierung_01.jpg 900w\" sizes=\"(max-width: 265px) 100vw, 265px\" \/>Rund 140 Sch\u00fclerinnen und Sch\u00fcler aus den Jahrgangsstufen 7 und 8 haben in den vergangenen zwei Wochen im Rahmen der Berufsorientierung im BBZ Mitte verschiedene Berufe kennengelernt. \u201eUnser Ziel ist es, den Jugendlichen dabei zu helfen, sich in der Berufswelt leichter orientieren zu k\u00f6nnen\u201c, beschreibt BBZ-Mitarbeiter Holger Sch\u00f6ppner das Projekt. \u00e2\u20ac\u00a8<\/p>\n<p>Wichtig seien vor allem das aktive Kennenlernen der T\u00e4tigkeiten und Schwerpunkte der Handwerksberufe wie Schreiner, Kfz-Mechaniker oder Elektrotechniker. Aber auch \u00fcber den Berufsalltag nicht handwerklicher Berufe, wie zum Beispiel des Altenpflegers, setzten sich die Sch\u00fcler auseinander. Daf\u00fcr hatte das Ausbilder-Team des BBZ Mitte ein spannendes Programm erarbeitet: In kurzen Theorieeinheiten erhielten die Teilnehmer einen Einblick in die jeweiligen Berufe \u2013 im Anschluss ging es direkt in die Praxis \u00fcber. Hier wurden zum Beispiel im Bereich Holz gemeinsam mit Herrn Dressel Spiele gebaut, in der Kfz-Werkstatt zeigten Herr Zimmermann und Herr Deutschl\u00e4nder, wie ein Motor zusammengebaut wird, oder im Bereich Elektrotechnik wurde unter Anleitung von Herrn Hack, Herrn Quell und Herrn Weisenborn ein kleiner Hubschrauber gebaut und eine kleine Hausschaltung installiert. <\/p>\n<p><img decoding=\"async\" src=\"http:\/\/www.fuldaer-nachrichten.de\/wp-content\/uploads\/2016\/04\/BBZ_Berufsorientierung_03-265x176.jpg\" alt=\"BBZ_Berufsorientierung_03\" width=\"265\" height=\"176\" class=\"alignleft size-thumbnail wp-image-150612\" srcset=\"https:\/\/www.fuldaernachrichten.de\/wp-content\/uploads\/2016\/04\/BBZ_Berufsorientierung_03-265x176.jpg 265w, https:\/\/www.fuldaernachrichten.de\/wp-content\/uploads\/2016\/04\/BBZ_Berufsorientierung_03-768x509.jpg 768w, https:\/\/www.fuldaernachrichten.de\/wp-content\/uploads\/2016\/04\/BBZ_Berufsorientierung_03-600x398.jpg 600w, https:\/\/www.fuldaernachrichten.de\/wp-content\/uploads\/2016\/04\/BBZ_Berufsorientierung_03.jpg 900w\" sizes=\"(max-width: 265px) 100vw, 265px\" \/>Diese Form der Berufsorientierung f\u00fcr Sch\u00fclerinnen und Sch\u00fcler wird bereits seit 2009 von der Kreishandwerkerschaft Fulda in Kooperation mit dem Petersberger Bildungsunternehmen angeboten. Die Ma\u00dfnahme wird durch das Bundesinstitut f\u00fcr Berufsbildung (BiBB) sowie durch das Land Hessen finanziell gef\u00f6rdert und ist ein Angebot, das sich an alle allgemeinbildenden Schulen im Landkreis Fulda richtet. <\/p>\n<p>\u201eDen Sch\u00fclerinnen und Sch\u00fclern wird w\u00e4hrend dieser Zeit ein fundierter Einblick in unterschiedliche Berufsfelder geboten. Dieser Praxisbezug kann in dieser Form nicht von den Schulen abgebildet werden\u201c, verdeutlicht Projektkoordinator Harald Borngr\u00e4ber von der Kreishandwerkerschaft den Nutzen f\u00fcr die Jugendlichen. \u00e2\u20ac\u00a8<\/p>\n<p>Elke Hohmann, Fachbereichsleiterin Soziales im BBZ Mitte freut sich in diesem Jahr besonders \u00fcber die gute Kooperation mit den Schulen \u201e Der Austausch mit den Lehrkr\u00e4ften und den Ausbildern ist uns wichtig, da die Sch\u00fclerinnen und Sch\u00fcler die Auszubildenden von morgen sind und wir hier wertvolle Synergien nutzen k\u00f6nnen\u201c.<\/p>\n<p>www.bbz-mitte.de<\/p>\n","protected":false},"excerpt":{"rendered":"<div class=\"tmnf_excerpt\"><p>Rund 140 Sch\u00fclerinnen und Sch\u00fcler aus den Jahrgangsstufen 7 und 8 haben in den vergangenen zwei Wochen im Rahmen der Berufsorientierung im BBZ Mitte verschiedene Berufe kennengelernt. \u201eUnser Ziel ist es, den Jugendlichen dabei zu helfen, sich in der Berufswelt leichter orientieren zu k\u00f6nnen\u201c, beschreibt BBZ-Mitarbeiter Holger Sch\u00f6ppner das Projekt. \u00e2\u20ac\u00a8 Wichtig seien vor allem &hellip;<\/p>\n<\/div>","protected":false},"author":1,"featured_media":150611,"comment_status":"closed","ping_status":"closed","sticky":false,"template":"","format":"standard","meta":{"footnotes":""},"categories":[1],"tags":[],"class_list":["post-150607","post","type-post","status-publish","format-standard","has-post-thumbnail","hentry","category-startseite"],"_links":{"self":[{"href":"https:\/\/www.fuldaernachrichten.de\/index.php?rest_route=\/wp\/v2\/posts\/150607","targetHints":{"allow":["GET"]}}],"collection":[{"href":"https:\/\/www.fuldaernachrichten.de\/index.php?rest_route=\/wp\/v2\/posts"}],"about":[{"href":"https:\/\/www.fuldaernachrichten.de\/index.php?rest_route=\/wp\/v2\/types\/post"}],"author":[{"embeddable":true,"href":"https:\/\/www.fuldaernachrichten.de\/index.php?rest_route=\/wp\/v2\/users\/1"}],"replies":[{"embeddable":true,"href":"https:\/\/www.fuldaernachrichten.de\/index.php?rest_route=%2Fwp%2Fv2%2Fcomments&post=150607"}],"version-history":[{"count":1,"href":"https:\/\/www.fuldaernachrichten.de\/index.php?rest_route=\/wp\/v2\/posts\/150607\/revisions"}],"predecessor-version":[{"id":150614,"href":"https:\/\/www.fuldaernachrichten.de\/index.php?rest_route=\/wp\/v2\/posts\/150607\/revisions\/150614"}],"wp:featuredmedia":[{"embeddable":true,"href":"https:\/\/www.fuldaernachrichten.de\/index.php?rest_route=\/wp\/v2\/media\/150611"}],"wp:attachment":[{"href":"https:\/\/www.fuldaernachrichten.de\/index.php?rest_route=%2Fwp%2Fv2%2Fmedia&parent=150607"}],"wp:term":[{"taxonomy":"category","embeddable":true,"href":"https:\/\/www.fuldaernachrichten.de\/index.php?rest_route=%2Fwp%2Fv2%2Fcategories&post=150607"},{"taxonomy":"post_tag","embeddable":true,"href":"https:\/\/www.fuldaernachrichten.de\/index.php?rest_route=%2Fwp%2Fv2%2Ftags&post=150607"}],"curies":[{"name":"wp","href":"https:\/\/api.w.org\/{rel}","templated":true}]}}