{"id":150597,"date":"2016-04-27T12:01:11","date_gmt":"2016-04-27T10:01:11","guid":{"rendered":"http:\/\/www.fuldaer-nachrichten.de\/?p=150597"},"modified":"2016-04-27T12:01:11","modified_gmt":"2016-04-27T10:01:11","slug":"zum-blut-des-herren-wallen-wir-wallduernwallfahrt-beginnt","status":"publish","type":"post","link":"https:\/\/www.fuldaernachrichten.de\/?p=150597","title":{"rendered":"&#8220;Zum Blut des Herren wallen wir&#8221; &#8211; Walld\u00fcrnwallfahrt beginnt"},"content":{"rendered":"<p>Mit dem Aussendungsgottesdienst am Samstag, 21. Mai um 7.30 Uhr im Hohen Dom zu Fulda, dem Seelsorgeamtsleiter Ordinariatsrat Peter G\u00f6b, Fulda, vorstehen wird, beginnt die viereinhalbt\u00e4gige Fu\u00dfwallfahrt von Fulda zum Heiligen Blut nach Walld\u00fcrn im Odenwald. In Anlehnung an das Heilige Jahr der Barmherzigkeit ist die Wallfahrtssaison mit &#8221; Barmherzigkeit will ich, nicht Opfer (Mt., 9,13) &#8211; die Berufung des Matth\u00e4us und das Mahl mit den Z\u00f6llnern&#8221; \u00fcberschrieben. Der zweite Wallfahrtstag beginnt am Dreifaltigkeitssonntag auf dem Volkersberg um 7 Uhr mit dem F\u00fcnf \u2013 Wunden \u2013 Gebet, danach Abmarsch und Jugendgottesdienst um 9.30 Uhr in der Pfarrkirche in Oberleichtersbach mit Mittagsrast. Die Walfahrer treffen sich danach in der Ortsmitte und zieht \u00fcber Unterleichtersbach nach Hammelburg. Gottesdienst am dritten Tag in Gauaschach ist um 6 Uhr. Gegen 14.45 Uhr erreichen die Wallfahrer das Kreuz oberhalb von Maria im Gr\u00fcnen Tal und pilgern zur Wallfahrtskirche. Um 4 Uhr startet am vierten Tag die Wallfahrt in Leinach und der Gottesdienst in Greu\u00dfenheim ist um 5.45 Uhr. Der letzte Wallfahrtstag beginnt um 4 Uhr in K\u00fclsheim und erreicht gegen Mittag Walld\u00fcrn. Dort wird Generalvikar Prof. Dr. Gerhard Stanke, Fulda die Wallfahrer empfangen und mit ihnen in der Heilig Blut Basilika den Gottesdienst feiern. F\u00fcr die Pilger, die bereits am Mittwoch schon die Heimreise antreten m\u00fcssen, findet um 16.00 Uhr eine Abschiedsandacht in der Basilika statt. <\/p>\n<p>Fahrkarten f\u00fcr die Busse werden w\u00e4hrend der Wallfahrt angeboten. Wallfahrtsb\u00fccher zum Preis von 10 Euro gibt es in der Buchhandlung am Dom in Fulda oder beim Wallfahrtsbegleitfahrzeug. Wer in Walld\u00fcrn bis Fronleichnam bleiben will, findet nach Auskunft des Verkehrsamtes ausreichend Quartiere. <\/p>\n<p>Bereits am Freitag, 20. Mai gegen 11.30 erreichen die Wallfahrerinnen und Wallfahrer aus Baunatal das Bonifatiusgrab und um 17.15 Uhr werden die Pilger aus dem Eichsfeld am Walld\u00fcrnbildnis auf dem Frauenberg mit einer kurzen Andacht begr\u00fc\u00dft. <\/p>\n<p>Eine Anmeldung zur Wallfahrt ist nicht erforderlich.<br \/>\nAuskunft geben: Wallfahrtsleiter Gerhard Dehler, Telefon 0661\/ 61465, Winfried M\u00f6ller, Rasdorf, Tel.: 06651\/409, Bernd Heimes, Kirchhasel, Tel.: 06652\/8492<\/p>\n","protected":false},"excerpt":{"rendered":"<div class=\"tmnf_excerpt\"><p>Mit dem Aussendungsgottesdienst am Samstag, 21. Mai um 7.30 Uhr im Hohen Dom zu Fulda, dem Seelsorgeamtsleiter Ordinariatsrat Peter G\u00f6b, Fulda, vorstehen wird, beginnt die viereinhalbt\u00e4gige Fu\u00dfwallfahrt von Fulda zum Heiligen Blut nach Walld\u00fcrn im Odenwald. In Anlehnung an das Heilige Jahr der Barmherzigkeit ist die Wallfahrtssaison mit &#8221; Barmherzigkeit will ich, nicht Opfer (Mt., &hellip;<\/p>\n<\/div>","protected":false},"author":1,"featured_media":150604,"comment_status":"closed","ping_status":"closed","sticky":false,"template":"","format":"standard","meta":{"footnotes":""},"categories":[1],"tags":[],"class_list":["post-150597","post","type-post","status-publish","format-standard","has-post-thumbnail","hentry","category-startseite"],"_links":{"self":[{"href":"https:\/\/www.fuldaernachrichten.de\/index.php?rest_route=\/wp\/v2\/posts\/150597","targetHints":{"allow":["GET"]}}],"collection":[{"href":"https:\/\/www.fuldaernachrichten.de\/index.php?rest_route=\/wp\/v2\/posts"}],"about":[{"href":"https:\/\/www.fuldaernachrichten.de\/index.php?rest_route=\/wp\/v2\/types\/post"}],"author":[{"embeddable":true,"href":"https:\/\/www.fuldaernachrichten.de\/index.php?rest_route=\/wp\/v2\/users\/1"}],"replies":[{"embeddable":true,"href":"https:\/\/www.fuldaernachrichten.de\/index.php?rest_route=%2Fwp%2Fv2%2Fcomments&post=150597"}],"version-history":[{"count":1,"href":"https:\/\/www.fuldaernachrichten.de\/index.php?rest_route=\/wp\/v2\/posts\/150597\/revisions"}],"predecessor-version":[{"id":150605,"href":"https:\/\/www.fuldaernachrichten.de\/index.php?rest_route=\/wp\/v2\/posts\/150597\/revisions\/150605"}],"wp:featuredmedia":[{"embeddable":true,"href":"https:\/\/www.fuldaernachrichten.de\/index.php?rest_route=\/wp\/v2\/media\/150604"}],"wp:attachment":[{"href":"https:\/\/www.fuldaernachrichten.de\/index.php?rest_route=%2Fwp%2Fv2%2Fmedia&parent=150597"}],"wp:term":[{"taxonomy":"category","embeddable":true,"href":"https:\/\/www.fuldaernachrichten.de\/index.php?rest_route=%2Fwp%2Fv2%2Fcategories&post=150597"},{"taxonomy":"post_tag","embeddable":true,"href":"https:\/\/www.fuldaernachrichten.de\/index.php?rest_route=%2Fwp%2Fv2%2Ftags&post=150597"}],"curies":[{"name":"wp","href":"https:\/\/api.w.org\/{rel}","templated":true}]}}