{"id":150596,"date":"2016-04-27T12:00:28","date_gmt":"2016-04-27T10:00:28","guid":{"rendered":"http:\/\/www.fuldaer-nachrichten.de\/?p=150596"},"modified":"2016-04-27T12:00:28","modified_gmt":"2016-04-27T10:00:28","slug":"wallfahrtskirche-auf-dem-gehilfersberg-vor-20-jahren-niedergebrannt-gedenkgottesdienst","status":"publish","type":"post","link":"https:\/\/www.fuldaernachrichten.de\/?p=150596","title":{"rendered":"Wallfahrtskirche auf dem Gehilfersberg vor 20 Jahren niedergebrannt \u2013 Gedenkgottesdienst"},"content":{"rendered":"<p>In der Nacht vom 10. auf den 11. Mai 1996 gegen 1 Uhr brannte die Wallfahrtskirche auf dem Gehilfersberg bei Rasdorf durch Brandstiftung bis auf die Grundmauern nieder. Zwanzig Jahre sind seitdem vergangen. Die Kirchengemeinde Rasdorf wird aus diesem Anlass am 10.\/ 11. Mai 2016 um Mitternacht (00.00 Uhr) mit einen Gedenkgottesdienst in der Wallfahrtskirche an dieses Ereignis erinnern. Au\u00dferdem erh\u00e4lt die Wallfahrtskirche eine Reliquie des Heiligen Pantaleon, einer der 14 Nothelfer, der im Altarbild dargestellt ist. Ab 23 Uhr wird ab Parkplatz Gehilfersberg ein Fahrdienst f\u00fcr gehbehinderte und \u00e4ltere Menschen angeboten. Von 23.30 Uhr bis zum Gottesdienstbeginn zeigt eine Bilder- und Filmdokumentation die Brandnacht, die zerst\u00f6rte Kirche und den Wiederaufbau. Die Heilige Pforte der Barmherzigkeit ist ge\u00f6ffnet und es besteht die M\u00f6glichkeit, das Sakrament der Vers\u00f6hnung zu empfangen. Der Weg zur Wallfahrtskapelle wird ab dem Parkplatz von der \u00f6rtlichen Feuerwehr ausgeleuchtet, so dass die Wallfahrtskirche sicher erreichbar ist.<\/p>\n","protected":false},"excerpt":{"rendered":"<div class=\"tmnf_excerpt\"><p>In der Nacht vom 10. auf den 11. Mai 1996 gegen 1 Uhr brannte die Wallfahrtskirche auf dem Gehilfersberg bei Rasdorf durch Brandstiftung bis auf die Grundmauern nieder. Zwanzig Jahre sind seitdem vergangen. Die Kirchengemeinde Rasdorf wird aus diesem Anlass am 10.\/ 11. Mai 2016 um Mitternacht (00.00 Uhr) mit einen Gedenkgottesdienst in der Wallfahrtskirche &hellip;<\/p>\n<\/div>","protected":false},"author":1,"featured_media":150602,"comment_status":"closed","ping_status":"closed","sticky":false,"template":"","format":"standard","meta":{"footnotes":""},"categories":[1],"tags":[],"class_list":["post-150596","post","type-post","status-publish","format-standard","has-post-thumbnail","hentry","category-startseite"],"_links":{"self":[{"href":"https:\/\/www.fuldaernachrichten.de\/index.php?rest_route=\/wp\/v2\/posts\/150596","targetHints":{"allow":["GET"]}}],"collection":[{"href":"https:\/\/www.fuldaernachrichten.de\/index.php?rest_route=\/wp\/v2\/posts"}],"about":[{"href":"https:\/\/www.fuldaernachrichten.de\/index.php?rest_route=\/wp\/v2\/types\/post"}],"author":[{"embeddable":true,"href":"https:\/\/www.fuldaernachrichten.de\/index.php?rest_route=\/wp\/v2\/users\/1"}],"replies":[{"embeddable":true,"href":"https:\/\/www.fuldaernachrichten.de\/index.php?rest_route=%2Fwp%2Fv2%2Fcomments&post=150596"}],"version-history":[{"count":1,"href":"https:\/\/www.fuldaernachrichten.de\/index.php?rest_route=\/wp\/v2\/posts\/150596\/revisions"}],"predecessor-version":[{"id":150603,"href":"https:\/\/www.fuldaernachrichten.de\/index.php?rest_route=\/wp\/v2\/posts\/150596\/revisions\/150603"}],"wp:featuredmedia":[{"embeddable":true,"href":"https:\/\/www.fuldaernachrichten.de\/index.php?rest_route=\/wp\/v2\/media\/150602"}],"wp:attachment":[{"href":"https:\/\/www.fuldaernachrichten.de\/index.php?rest_route=%2Fwp%2Fv2%2Fmedia&parent=150596"}],"wp:term":[{"taxonomy":"category","embeddable":true,"href":"https:\/\/www.fuldaernachrichten.de\/index.php?rest_route=%2Fwp%2Fv2%2Fcategories&post=150596"},{"taxonomy":"post_tag","embeddable":true,"href":"https:\/\/www.fuldaernachrichten.de\/index.php?rest_route=%2Fwp%2Fv2%2Ftags&post=150596"}],"curies":[{"name":"wp","href":"https:\/\/api.w.org\/{rel}","templated":true}]}}