{"id":150527,"date":"2016-04-26T12:38:36","date_gmt":"2016-04-26T10:38:36","guid":{"rendered":"http:\/\/www.fuldaer-nachrichten.de\/?p=150527"},"modified":"2016-04-26T12:38:36","modified_gmt":"2016-04-26T10:38:36","slug":"mehr-als-die-haelfte-des-verbandes-trifft-sich-am-buchschirm","status":"publish","type":"post","link":"https:\/\/www.fuldaernachrichten.de\/?p=150527","title":{"rendered":"Mehr als die H\u00e4lfte des Verbandes trifft sich am Buchschirm"},"content":{"rendered":"<p>\u201e680 Pfadfinderinnen und Pfadfinder \u2013 das ist der Wahnsinn!\u201c Noch immer ist das Vorbereitungsteam f\u00fcr das Di\u00f6zesanlager der Deutschen Pfadfinderschaft St. Georg (DPSG) im Bistum Fulda ein bisschen geschockt von dieser Zahl.<br \/>\nDass das Projekt, nach dem letzten Gro\u00dflager 2011 wieder ein Di\u00f6zesanlager zu veranstalten, erfolgreich sein w\u00fcrde, davon war das Team von Anfang an \u00fcberzeugt, aber dass die Wahl des Pfingstwochenendes als Zeitraum und des Zeltplatzes am Thomas-Morus-Haus am Buchschirm bei Hilders in der Rh\u00f6n als Ort dazu f\u00fchren w\u00fcrde, dass sich mehr als die H\u00e4lfte der Georgspfadfinderinnen und \u2013pfadfinder aus dem Bistum Fulda zum Lager anmelden w\u00fcrden, damit konnte niemand rechnen.<\/p>\n<p>\u201eWir sind schon sehr stolz darauf, dass wir von den 1200 Mitgliedern der DPSG im Bistum so viele erreicht haben, wir freuen uns unglaublich auf das Lager, aber wir sind nat\u00fcrlich auch echt aufgeregt\u201c, so fasst Volker Gudera, Stammesvorsitzender des Stammes St. Jakobus Biebergem\u00fcnd-Wirtheim und einer der Initiatoren des Vorhabens, die Stimmung im Planungskreis treffend zusammen.<\/p>\n<p>Und so trafen sich diejenigen, die f\u00fcr die Umsetzung des Mottos \u201eIn 80 Stunden um die Welt!\u201c, f\u00fcr die Verpflegung, f\u00fcr die Logistik, f\u00fcr den Festgottesdienst mit Weihbischof Diez und f\u00fcr all die andere Dinge zust\u00e4ndig sind, die es braucht, dass ein solches Lager funktioniert, zu einem letzten Planungstreffen im Thomas-Morus-Haus. Auch vom Schneetreiben waren die Aktiven nicht von ihren Planungen abzubringen, und so steht f\u00fcr die W\u00f6lflinge, Jungpfadfinder, Pfadfinder, Rover und ihre Leiterinnen und Leiter ein unvergessliches und besonderes Erlebnis bevor.<\/p>\n","protected":false},"excerpt":{"rendered":"<div class=\"tmnf_excerpt\"><p>\u201e680 Pfadfinderinnen und Pfadfinder \u2013 das ist der Wahnsinn!\u201c Noch immer ist das Vorbereitungsteam f\u00fcr das Di\u00f6zesanlager der Deutschen Pfadfinderschaft St. Georg (DPSG) im Bistum Fulda ein bisschen geschockt von dieser Zahl. Dass das Projekt, nach dem letzten Gro\u00dflager 2011 wieder ein Di\u00f6zesanlager zu veranstalten, erfolgreich sein w\u00fcrde, davon war das Team von Anfang an &hellip;<\/p>\n<\/div>","protected":false},"author":1,"featured_media":150532,"comment_status":"closed","ping_status":"closed","sticky":false,"template":"","format":"standard","meta":{"footnotes":""},"categories":[1],"tags":[],"class_list":["post-150527","post","type-post","status-publish","format-standard","has-post-thumbnail","hentry","category-startseite"],"_links":{"self":[{"href":"https:\/\/www.fuldaernachrichten.de\/index.php?rest_route=\/wp\/v2\/posts\/150527","targetHints":{"allow":["GET"]}}],"collection":[{"href":"https:\/\/www.fuldaernachrichten.de\/index.php?rest_route=\/wp\/v2\/posts"}],"about":[{"href":"https:\/\/www.fuldaernachrichten.de\/index.php?rest_route=\/wp\/v2\/types\/post"}],"author":[{"embeddable":true,"href":"https:\/\/www.fuldaernachrichten.de\/index.php?rest_route=\/wp\/v2\/users\/1"}],"replies":[{"embeddable":true,"href":"https:\/\/www.fuldaernachrichten.de\/index.php?rest_route=%2Fwp%2Fv2%2Fcomments&post=150527"}],"version-history":[{"count":1,"href":"https:\/\/www.fuldaernachrichten.de\/index.php?rest_route=\/wp\/v2\/posts\/150527\/revisions"}],"predecessor-version":[{"id":150533,"href":"https:\/\/www.fuldaernachrichten.de\/index.php?rest_route=\/wp\/v2\/posts\/150527\/revisions\/150533"}],"wp:featuredmedia":[{"embeddable":true,"href":"https:\/\/www.fuldaernachrichten.de\/index.php?rest_route=\/wp\/v2\/media\/150532"}],"wp:attachment":[{"href":"https:\/\/www.fuldaernachrichten.de\/index.php?rest_route=%2Fwp%2Fv2%2Fmedia&parent=150527"}],"wp:term":[{"taxonomy":"category","embeddable":true,"href":"https:\/\/www.fuldaernachrichten.de\/index.php?rest_route=%2Fwp%2Fv2%2Fcategories&post=150527"},{"taxonomy":"post_tag","embeddable":true,"href":"https:\/\/www.fuldaernachrichten.de\/index.php?rest_route=%2Fwp%2Fv2%2Ftags&post=150527"}],"curies":[{"name":"wp","href":"https:\/\/api.w.org\/{rel}","templated":true}]}}