{"id":150491,"date":"2016-04-22T23:29:59","date_gmt":"2016-04-22T21:29:59","guid":{"rendered":"http:\/\/www.fuldaer-nachrichten.de\/?p=150491"},"modified":"2016-04-22T23:29:59","modified_gmt":"2016-04-22T21:29:59","slug":"neue-azubis-lernen-mit-ihren-eltern-jumo-kennen","status":"publish","type":"post","link":"https:\/\/www.fuldaernachrichten.de\/?p=150491","title":{"rendered":"Neue Azubis lernen mit ihren Eltern JUMO kennen"},"content":{"rendered":"<p><img decoding=\"async\" src=\"http:\/\/www.fuldaer-nachrichten.de\/wp-content\/uploads\/2016\/04\/JUMO_PI_Get_together_1-265x160.jpg\" alt=\"JUMO_PI_Get_together_1\" width=\"265\" height=\"160\" class=\"alignleft size-thumbnail wp-image-150493\" srcset=\"https:\/\/www.fuldaernachrichten.de\/wp-content\/uploads\/2016\/04\/JUMO_PI_Get_together_1-265x160.jpg 265w, https:\/\/www.fuldaernachrichten.de\/wp-content\/uploads\/2016\/04\/JUMO_PI_Get_together_1-768x465.jpg 768w, https:\/\/www.fuldaernachrichten.de\/wp-content\/uploads\/2016\/04\/JUMO_PI_Get_together_1-600x363.jpg 600w, https:\/\/www.fuldaernachrichten.de\/wp-content\/uploads\/2016\/04\/JUMO_PI_Get_together_1.jpg 900w\" sizes=\"(max-width: 265px) 100vw, 265px\" \/>Viele kennen es &#8211; die Zusage f\u00fcr die Ausbildung flattert ins Haus und die Vorfreude steigt &#8211; mit der Vorfreude jedoch auch die Angst vor dem ersten Tag. Neue Kollegen, eine andere Schule, ungewohnte Aufgaben und vieles mehr wartet auf die Auszubildenden. Deswegen veranstaltete die JUMO GmbH &#038; Co. KG auch in diesem Jahr an zwei Terminen das traditionelle \u201eGet together\u201c f\u00fcr die gewerblichen und kaufm\u00e4nnischen Auszubildenden, die im August ins Berufsleben starten. <\/p>\n<p>\u201eZu wissen, dass ich den ersten Tag nicht alleine antreten muss, hat mir die Anspannung genommen und ich freute mich umso mehr auf meinen ersten Arbeitstag\u201c, sagt Katharina, angehende Industriekauffrau im ersten Ausbildungsjahr, die bereits im Sommer 2015 ihre Ausbildung bei JUMO begonnen hatte, und an der diesj\u00e4hrigen Veranstaltungen eine Pr\u00e4sentation \u00fcber die Ausbildung bei JUMO hielt.<\/p>\n<p>Auch in diesem Jahr wurden die zuk\u00fcnftigen Auszubildenden mit ihren Eltern von Bernhard Juchheim und den Ausbildern begr\u00fc\u00dft. Der gesch\u00e4ftsf\u00fchrende JUMO-Gesellschafter gab in seiner Pr\u00e4sentation einen Einblick in die Firmengeschichte und ging auf die Besonderheiten einer Ausbildung bei JUMO ein. \u201eNeben der Vermittlung von fachlichen Kenntnissen und Fertigkeiten zielt eine Ausbildung bei uns vor allem auf Pers\u00f6nlichkeitsbildung und Teamf\u00e4higkeit ab\u201c, so Juchheim.<\/p>\n<p>Im Anschluss informierte JUMO-Personalleiter Ralf Metschies \u00fcber das Ausbildungsangebot bei JUMO. Neben den zahlreichen Ausbildungsberufen im gewerblich-technischen und kaufm\u00e4nnischen Bereich werden auch verschiedene duale Studieng\u00e4nge angeboten. Um den zuk\u00fcnftigen Fachkr\u00e4ftebedarf zu decken, bietet JUMO eine bestm\u00f6gliche Ausbildung, mit dem Ziel, m\u00f6glichst viele Auszubildende zu \u00fcbernehmen.<\/p>\n<p>F\u00fcr die Eltern der neuen Auszubildenden gab es danach bei einer F\u00fchrung durch das Unternehmen einen Einblick in die zuk\u00fcnftigen Arbeitspl\u00e4tze ihrer Kinder und die moderne Produktion. W\u00e4hrenddessen lernten die neuen Auszubildenden ihre Ausbilder und ihre Paten aus einem h\u00f6heren Lehrjahr kennen. So konnten Informationen aus erster Hand gesch\u00f6pft und erste Kontakte gekn\u00fcpft werden. Die Paten stehen ihren Sch\u00fctzlingen in der Anfangszeit bei JUMO zur Seite. <\/p>\n<p>Den Abschluss der Veranstaltung bildete eine Pr\u00e4sentation von Auszubildenden aus dem ersten Lehrjahr. Neben Informationen \u00fcber die Ausbildungs- und Studieninhalte gab es hier viele eigene Erfahrungen aus dem Azubi-Alltag. Dazu geh\u00f6ren Projekte, Ausfl\u00fcge, das AzubiFit-Programm, das Azubi-Mobil, Auslandsentsendungen, Schulungen, Messen und vieles mehr. <\/p>\n","protected":false},"excerpt":{"rendered":"<div class=\"tmnf_excerpt\"><p>Viele kennen es &#8211; die Zusage f\u00fcr die Ausbildung flattert ins Haus und die Vorfreude steigt &#8211; mit der Vorfreude jedoch auch die Angst vor dem ersten Tag. Neue Kollegen, eine andere Schule, ungewohnte Aufgaben und vieles mehr wartet auf die Auszubildenden. Deswegen veranstaltete die JUMO GmbH &#038; Co. KG auch in diesem Jahr an &hellip;<\/p>\n<\/div>","protected":false},"author":1,"featured_media":150492,"comment_status":"closed","ping_status":"closed","sticky":false,"template":"","format":"standard","meta":{"footnotes":""},"categories":[1],"tags":[],"class_list":["post-150491","post","type-post","status-publish","format-standard","has-post-thumbnail","hentry","category-startseite"],"_links":{"self":[{"href":"https:\/\/www.fuldaernachrichten.de\/index.php?rest_route=\/wp\/v2\/posts\/150491","targetHints":{"allow":["GET"]}}],"collection":[{"href":"https:\/\/www.fuldaernachrichten.de\/index.php?rest_route=\/wp\/v2\/posts"}],"about":[{"href":"https:\/\/www.fuldaernachrichten.de\/index.php?rest_route=\/wp\/v2\/types\/post"}],"author":[{"embeddable":true,"href":"https:\/\/www.fuldaernachrichten.de\/index.php?rest_route=\/wp\/v2\/users\/1"}],"replies":[{"embeddable":true,"href":"https:\/\/www.fuldaernachrichten.de\/index.php?rest_route=%2Fwp%2Fv2%2Fcomments&post=150491"}],"version-history":[{"count":1,"href":"https:\/\/www.fuldaernachrichten.de\/index.php?rest_route=\/wp\/v2\/posts\/150491\/revisions"}],"predecessor-version":[{"id":150494,"href":"https:\/\/www.fuldaernachrichten.de\/index.php?rest_route=\/wp\/v2\/posts\/150491\/revisions\/150494"}],"wp:featuredmedia":[{"embeddable":true,"href":"https:\/\/www.fuldaernachrichten.de\/index.php?rest_route=\/wp\/v2\/media\/150492"}],"wp:attachment":[{"href":"https:\/\/www.fuldaernachrichten.de\/index.php?rest_route=%2Fwp%2Fv2%2Fmedia&parent=150491"}],"wp:term":[{"taxonomy":"category","embeddable":true,"href":"https:\/\/www.fuldaernachrichten.de\/index.php?rest_route=%2Fwp%2Fv2%2Fcategories&post=150491"},{"taxonomy":"post_tag","embeddable":true,"href":"https:\/\/www.fuldaernachrichten.de\/index.php?rest_route=%2Fwp%2Fv2%2Ftags&post=150491"}],"curies":[{"name":"wp","href":"https:\/\/api.w.org\/{rel}","templated":true}]}}