{"id":150427,"date":"2016-04-21T20:37:49","date_gmt":"2016-04-21T18:37:49","guid":{"rendered":"http:\/\/www.fuldaer-nachrichten.de\/?p=150427"},"modified":"2016-04-21T20:37:49","modified_gmt":"2016-04-21T18:37:49","slug":"die-gesundheitsecke-des-landkreises-fulda-migraene","status":"publish","type":"post","link":"https:\/\/www.fuldaernachrichten.de\/?p=150427","title":{"rendered":"Die Gesundheitsecke des Landkreises Fulda: Migr\u00e4ne"},"content":{"rendered":"<p>Der Fr\u00fchling steht vor der T\u00fcr, die V\u00f6gel zwitschern und die Sonne scheint: H\u00f6chste Zeit, nach drau\u00dfen zu gehen! Doch f\u00fcr Migr\u00e4nepatienten ist das nicht immer mit Genuss verbunden \u2013 oftmals sehnen sie sich eher nach Ruhe, Dunkelheit und Linderung der Schmerzen. <\/p>\n<p>Arten von Kopfschmerzen<br \/>\nBei \u00fcber 250 verschiedenen Arten von Kopfschmerzen ist es schwierig, den \u00dcberblick zu behalten. Daher unterscheidet man Kopfschmerzen zun\u00e4chst in ihrer Ursache und der Art und Weise, wie sie auftreten. In der Medizin spricht man von \u201eprim\u00e4ren\u201c Kopfschmerzen, wenn es um Migr\u00e4ne, Spannungskopfschmerzen oder Kopfschmerzen ausgel\u00f6st von einem Hirnnerv (Trigeminus) geht. \u201eSekund\u00e4re\u201c Kopfschmerzen entstehen durch Verletzungen, Hirntumore und \u00e4hnliches. Kopfschmerzen zu haben, bedeutet aber l\u00e4ngst nicht, an einem Hirntumor erkrankt zu sein \u2013 zirka 90 Prozent der F\u00e4lle haben eine prim\u00e4re Ursache und sind nicht unmittelbar lebensbedrohlich. <\/p>\n<p>Wie sich der Kopfschmerz anf\u00fchlt, ist von Person zu Person verschieden. Die wohl bekanntesten Formen sind Migr\u00e4ne sowie Spannungs- und Clusterkopfschmerzen. Hinzu kommen einige seltenere Kopfschmerztypen wie beispielsweise Kopfschmerzen nach dem Geschlechtsverkehr (\u201epostkoitaler Kopfschmerz\u201c). <\/p>\n<p>Migr\u00e4ne<br \/>\nBei Migr\u00e4ne handelt es sich oftmals um mehr als Kopfschmerzen per se: In einigen F\u00e4llen treten gewisse Vorboten wie zum Beispiel Sehst\u00f6rungen oder ein Kribbeln auf. Dies bezeichnet man als \u201eAura\u201c. Darauf folgen Kopfschmerzen, die meist auf einer Seite anfangen und st\u00e4rker werden. Hinzu kommen \u00dcbelkeit sowie Licht- und L\u00e4rmempfindlichkeit. Die Kopfschmerzen dauern in der Regel nicht l\u00e4nger als einen Tag und k\u00f6nnen beim Abklingen in geringere Konzentrationsf\u00e4higkeit und Antriebslosigkeit \u00fcbergehen. <\/p>\n<p>Ursache und Therapie<br \/>\nIn vielen F\u00e4llen bleibt die genaue Ursache der Kopfschmerzen ein R\u00e4tsel. Oftmals kann man bei genauerem Hinschauen so genannte \u201eTrigger\u201c identifizieren \u2013 das sind Faktoren, die die Schmerzen ausl\u00f6sen beziehungsweise verschlimmern. <\/p>\n<p>Die Therapie ist so vielf\u00e4ltig, wie es Arten von Kopfschmerzen gibt: Bei Spannungskopfschmerzen helfen W\u00e4rme und Massagen; bei Migr\u00e4ne ein dunkler, k\u00fchler Raum. Die Anwendung von Pfefferminz\u00f6l kann zur Entspannung beitragen und Schmerztabletten helfen in der Not. Treten die Kopfschmerzen anfallartig, besonders h\u00e4ufig oder mit anderen Symptomen auf, sollte zur Sicherheit ein Arzt konsultiert werden.<\/p>\n","protected":false},"excerpt":{"rendered":"<div class=\"tmnf_excerpt\"><p>Der Fr\u00fchling steht vor der T\u00fcr, die V\u00f6gel zwitschern und die Sonne scheint: H\u00f6chste Zeit, nach drau\u00dfen zu gehen! Doch f\u00fcr Migr\u00e4nepatienten ist das nicht immer mit Genuss verbunden \u2013 oftmals sehnen sie sich eher nach Ruhe, Dunkelheit und Linderung der Schmerzen. Arten von Kopfschmerzen Bei \u00fcber 250 verschiedenen Arten von Kopfschmerzen ist es schwierig, &hellip;<\/p>\n<\/div>","protected":false},"author":1,"featured_media":0,"comment_status":"closed","ping_status":"closed","sticky":false,"template":"","format":"standard","meta":{"footnotes":""},"categories":[51],"tags":[],"class_list":["post-150427","post","type-post","status-publish","format-standard","hentry","category-medizin"],"_links":{"self":[{"href":"https:\/\/www.fuldaernachrichten.de\/index.php?rest_route=\/wp\/v2\/posts\/150427","targetHints":{"allow":["GET"]}}],"collection":[{"href":"https:\/\/www.fuldaernachrichten.de\/index.php?rest_route=\/wp\/v2\/posts"}],"about":[{"href":"https:\/\/www.fuldaernachrichten.de\/index.php?rest_route=\/wp\/v2\/types\/post"}],"author":[{"embeddable":true,"href":"https:\/\/www.fuldaernachrichten.de\/index.php?rest_route=\/wp\/v2\/users\/1"}],"replies":[{"embeddable":true,"href":"https:\/\/www.fuldaernachrichten.de\/index.php?rest_route=%2Fwp%2Fv2%2Fcomments&post=150427"}],"version-history":[{"count":1,"href":"https:\/\/www.fuldaernachrichten.de\/index.php?rest_route=\/wp\/v2\/posts\/150427\/revisions"}],"predecessor-version":[{"id":150441,"href":"https:\/\/www.fuldaernachrichten.de\/index.php?rest_route=\/wp\/v2\/posts\/150427\/revisions\/150441"}],"wp:attachment":[{"href":"https:\/\/www.fuldaernachrichten.de\/index.php?rest_route=%2Fwp%2Fv2%2Fmedia&parent=150427"}],"wp:term":[{"taxonomy":"category","embeddable":true,"href":"https:\/\/www.fuldaernachrichten.de\/index.php?rest_route=%2Fwp%2Fv2%2Fcategories&post=150427"},{"taxonomy":"post_tag","embeddable":true,"href":"https:\/\/www.fuldaernachrichten.de\/index.php?rest_route=%2Fwp%2Fv2%2Ftags&post=150427"}],"curies":[{"name":"wp","href":"https:\/\/api.w.org\/{rel}","templated":true}]}}