{"id":150348,"date":"2016-04-18T19:35:40","date_gmt":"2016-04-18T17:35:40","guid":{"rendered":"http:\/\/www.fuldaer-nachrichten.de\/?p=150348"},"modified":"2016-04-18T19:35:40","modified_gmt":"2016-04-18T17:35:40","slug":"sumo-roboter-teamwork-und-ganz-viel-tueftelei-fuldaer-it-unternehmen-foerdert-robotik-ag-des-marianums","status":"publish","type":"post","link":"https:\/\/www.fuldaernachrichten.de\/?p=150348","title":{"rendered":"Sumo-Roboter, Teamwork und ganz viel T\u00fcftelei \u2013 Fuldaer IT-Unternehmen f\u00f6rdert Robotik-AG des Marianums"},"content":{"rendered":"<p>In immer mehr Alltagsgegenst\u00e4nden stecken heute Computer-Chips, gleichzeitig sind IT-Fachleute sehr gefragt. Da passt es gut, wenn Schulen m\u00f6glichst fr\u00fch versuchen, bei ihren Sch\u00fclern das Interesse f\u00fcr diesen Themenbereich zu wecken. Auf vorbildliche Weise passiert das am Marianum in Fulda. Bereits ab der 5. Klasse k\u00f6nnen M\u00e4dchen und Jungen hier mithilfe von LEGO-Baus\u00e4tzen Roboter entwerfen, programmieren und zusammenbauen. Die Computer-L.A.N. GmbH f\u00f6rdert die Arbeit der AG bereits seit einigen Jahren. Um die Projekte weiterhin zu unterst\u00fctzen, hat die Gesch\u00e4ftsf\u00fchrung am Donnerstag einen Spendenscheck in H\u00f6he von 300 Euro \u00fcbergeben.<\/p>\n<p>\u201eDiese Robotik-AG ist eine hervorragende Einrichtung\u201c, sagte L.A.N.-Gesch\u00e4ftsf\u00fchrer Esmail Akbari, nachdem er sich vor Ort ein Bild gemacht hatte. Sein Kompagnon Michael Haeuser erg\u00e4nzt: \u201eDie Schule f\u00f6rdert so auf spielerische Weise das Interesse am L\u00f6sen von komplexen Aufgaben und am Programmieren.\u201c Zu den Treffen der AG kommen jede Woche rund 20 Sch\u00fclerinnen und Sch\u00fcler.<\/p>\n<p>Erst vergangene Woche war der Leiter der AG, Christian Heil, mit einigen Sch\u00fclern beim Hessenfinale von \u201eJugend forscht\u201c. Das Team belegte den dritten Platz. Christian Heil hatte die AG, die sich selbst die \u201eMarBots\u201c nennt, im Jahr 2010 mitinitiiert und leitet sie seitdem. Beim Stichwort \u201eTeam\u201c betont er: \u201e Das Schwerste ist, die Aufgaben gemeinsam in der Gruppe zu bew\u00e4ltigen.\u201c Eine gute \u00dcbung daf\u00fcr wird auch der Auftrag sein, den die AG-Mitglieder f\u00fcr die kommenden Wochen bekommen haben: Sie sollen einen \u201eSumo-Roboter\u201c bauen. Dieser soll sich autonom, also ohne Fernsteuerung, bewegen und seinen Gegner vom Spielfeld dr\u00e4ngen.<\/p>\n<p>\u00dcber die Spende von Computer-L.A.N. freuten sich neben dem AG-Leiter auch die Sch\u00fclerinnen und Sch\u00fclern und Schulleiter J\u00fcrgen Weber. Mit dem Geld wird die AG neues Material anschaffen. Christian Heil rechnete den Betrag sofort um: \u201e300 Euro \u2013 das ist ein LEGO-Bausatz plus Zubeh\u00f6r.\u201c<\/p>\n","protected":false},"excerpt":{"rendered":"<div class=\"tmnf_excerpt\"><p>In immer mehr Alltagsgegenst\u00e4nden stecken heute Computer-Chips, gleichzeitig sind IT-Fachleute sehr gefragt. Da passt es gut, wenn Schulen m\u00f6glichst fr\u00fch versuchen, bei ihren Sch\u00fclern das Interesse f\u00fcr diesen Themenbereich zu wecken. Auf vorbildliche Weise passiert das am Marianum in Fulda. Bereits ab der 5. Klasse k\u00f6nnen M\u00e4dchen und Jungen hier mithilfe von LEGO-Baus\u00e4tzen Roboter entwerfen, &hellip;<\/p>\n<\/div>","protected":false},"author":1,"featured_media":0,"comment_status":"closed","ping_status":"closed","sticky":false,"template":"","format":"standard","meta":{"footnotes":""},"categories":[1],"tags":[],"class_list":["post-150348","post","type-post","status-publish","format-standard","hentry","category-startseite"],"_links":{"self":[{"href":"https:\/\/www.fuldaernachrichten.de\/index.php?rest_route=\/wp\/v2\/posts\/150348","targetHints":{"allow":["GET"]}}],"collection":[{"href":"https:\/\/www.fuldaernachrichten.de\/index.php?rest_route=\/wp\/v2\/posts"}],"about":[{"href":"https:\/\/www.fuldaernachrichten.de\/index.php?rest_route=\/wp\/v2\/types\/post"}],"author":[{"embeddable":true,"href":"https:\/\/www.fuldaernachrichten.de\/index.php?rest_route=\/wp\/v2\/users\/1"}],"replies":[{"embeddable":true,"href":"https:\/\/www.fuldaernachrichten.de\/index.php?rest_route=%2Fwp%2Fv2%2Fcomments&post=150348"}],"version-history":[{"count":1,"href":"https:\/\/www.fuldaernachrichten.de\/index.php?rest_route=\/wp\/v2\/posts\/150348\/revisions"}],"predecessor-version":[{"id":150359,"href":"https:\/\/www.fuldaernachrichten.de\/index.php?rest_route=\/wp\/v2\/posts\/150348\/revisions\/150359"}],"wp:attachment":[{"href":"https:\/\/www.fuldaernachrichten.de\/index.php?rest_route=%2Fwp%2Fv2%2Fmedia&parent=150348"}],"wp:term":[{"taxonomy":"category","embeddable":true,"href":"https:\/\/www.fuldaernachrichten.de\/index.php?rest_route=%2Fwp%2Fv2%2Fcategories&post=150348"},{"taxonomy":"post_tag","embeddable":true,"href":"https:\/\/www.fuldaernachrichten.de\/index.php?rest_route=%2Fwp%2Fv2%2Ftags&post=150348"}],"curies":[{"name":"wp","href":"https:\/\/api.w.org\/{rel}","templated":true}]}}