{"id":150287,"date":"2016-04-18T19:23:14","date_gmt":"2016-04-18T17:23:14","guid":{"rendered":"http:\/\/www.fuldaer-nachrichten.de\/?p=150287"},"modified":"2016-04-18T19:23:14","modified_gmt":"2016-04-18T17:23:14","slug":"menschen-auf-ihrem-glaubensweg-halt-geben-weihbischof-diez-weihte-fuenf-diakone","status":"publish","type":"post","link":"https:\/\/www.fuldaernachrichten.de\/?p=150287","title":{"rendered":"\u201eMenschen auf ihrem Glaubensweg Halt geben\u201c Weihbischof Diez weihte f\u00fcnf Diakone"},"content":{"rendered":"<p>\u201eDer Gekreuzigte will Euch Halt geben, damit Ihr die Menschen auf ihrem Glaubensweg halten k\u00f6nnt\u201c, sagte Weihbischof Prof. Dr. Karlheinz Diez am Samstag im vollbesetzten Fuldaer Dom zu f\u00fcnf k\u00fcnftigen Diakonen. Im Rahmen eines feierlichen Gottesdienstes spendete der Weihbischof vier Priesteramtskandidaten und einem Bewerber f\u00fcr den St\u00e4ndigen Diakonat die Diakonenweihe. Zu Diakonen geweiht wurden Christoph Acker aus der Pfarrei St. Martin in Bad Orb, Bien Bui-Trong aus der Pfarrei Hll. Vietnamesische M\u00e4rtyrer in Stuttgart und Ingo Heinrich aus der Stadtpfarrei Hll. Simplicius, Faustinus und Beatrix in Fulda, Florent Mukalay-Mukuba aus der Pfarrei St-Bavon\/Regina Pacis in Kamina (Demokratische Republik Kongo) sowie im Hinblick auf den St\u00e4ndigen Diakonat Matthias Respondek aus der Pfarrei St. Johannes der T\u00e4ufer in Fulda-Johannesberg.<\/p>\n<p>Unverbindlichkeit in Beziehungen und Freundschaften und die Angst, sich f\u00fcr eine verbindliche Lebensform dauerhaft zu entscheiden, kennzeichne heute die Grundhaltung vieler Menschen, betonte der Weihbischof zu Beginn seiner Predigt. \u201eAndererseits kennen viele Menschen auch die Sehnsucht nach Klarheit, nach Entschiedenheit, nach Verbindlichkeit. Gerade junge Leute suchen nach klaren und verbindlichen Antworten auf ihre Fragen, nach \u00fcberzeugenden Lebensrezepten, nach authentischen und echten Menschen, die ein Wort halten, das sie gegeben haben.\u201c Das gelte auch f\u00fcr das geistliche Leben. Auf einer Darstellung in der Schlosskapelle zu Tirol lehne sich Josef von Arimat\u00e4a an den am Kreuz schon auferstandenen Jesus Christus an und halte sich an ihm fest. Der Auferstandene gebe ihm Halt und lasse ihn Haltung bewahren. Diez erinnerte an die hl. Edith Stein, die auch im Angesicht Ihrer Deportation nach Auschwitz ungebrochen blieb, und betonte, dass es viele Menschen gebe, die selbst in extremen Situationen nicht ihre W\u00fcrde verloren h\u00e4tten. \u201eDer Glaube, von Gottes Hand gehalten zu werden, sich von Christus gehalten zu wissen, lie\u00df sie Haltung bewahren.\u201c<\/p>\n<p>F\u00fcr einen ehrlichen Blick auf das eigene Selbst mit seinen Licht- und Schattenseiten k\u00f6nne das Gebetswort \u201eHerr, du kennst mich!\u201c hilfreich sein. \u201eEs will den Glauben best\u00e4rken und Vertrauen wecken, aus der Erfahrung im Glauben: Ich bin angeschaut, ich bin geliebt. Sicher kann es auch ein Wort sein, das mich richtet! Aber zuerst soll es ein Wort sein, das mich vertrauen l\u00e4sst, das mir Geborgenheit schenkt.\u201c Jesus sage \u00fcber die Gr\u00f6\u00dfe eines Menschen: \u201eWer bei euch gro\u00df sein will, der soll euer Diener sein.\u201c und \u201eDenn auch der Menschensohn ist nichtgekommen, um sich dienen zu lassen, sondern um zu dienen und sein Leben hinzugeben als L\u00f6segeld f\u00fcr viele.\u201c Ein gro\u00dfer Mensch sei laut Diez, wer sich in das Licht der Wahrheit stelle, sich an Jesus festhalte, sich mit seinen Licht- und Schattenseiten dem g\u00f6ttlichen Du anvertraue und sich in allen Situationen seines Lebens von diesem getragen und gehalten wisse. Jeder der Diakone habe sich ein Ankerwort ausgesucht f\u00fcr sein Leben. \u201eEs sind Worte, die Halt geben, Worte, die Gottes Haltung zu den Menschen darstellen\u201c, betonte der Weihbischof.<\/p>\n","protected":false},"excerpt":{"rendered":"<div class=\"tmnf_excerpt\"><p>\u201eDer Gekreuzigte will Euch Halt geben, damit Ihr die Menschen auf ihrem Glaubensweg halten k\u00f6nnt\u201c, sagte Weihbischof Prof. Dr. Karlheinz Diez am Samstag im vollbesetzten Fuldaer Dom zu f\u00fcnf k\u00fcnftigen Diakonen. Im Rahmen eines feierlichen Gottesdienstes spendete der Weihbischof vier Priesteramtskandidaten und einem Bewerber f\u00fcr den St\u00e4ndigen Diakonat die Diakonenweihe. Zu Diakonen geweiht wurden Christoph &hellip;<\/p>\n<\/div>","protected":false},"author":1,"featured_media":0,"comment_status":"closed","ping_status":"closed","sticky":false,"template":"","format":"standard","meta":{"footnotes":""},"categories":[50],"tags":[],"class_list":["post-150287","post","type-post","status-publish","format-standard","hentry","category-kirche"],"_links":{"self":[{"href":"https:\/\/www.fuldaernachrichten.de\/index.php?rest_route=\/wp\/v2\/posts\/150287","targetHints":{"allow":["GET"]}}],"collection":[{"href":"https:\/\/www.fuldaernachrichten.de\/index.php?rest_route=\/wp\/v2\/posts"}],"about":[{"href":"https:\/\/www.fuldaernachrichten.de\/index.php?rest_route=\/wp\/v2\/types\/post"}],"author":[{"embeddable":true,"href":"https:\/\/www.fuldaernachrichten.de\/index.php?rest_route=\/wp\/v2\/users\/1"}],"replies":[{"embeddable":true,"href":"https:\/\/www.fuldaernachrichten.de\/index.php?rest_route=%2Fwp%2Fv2%2Fcomments&post=150287"}],"version-history":[{"count":1,"href":"https:\/\/www.fuldaernachrichten.de\/index.php?rest_route=\/wp\/v2\/posts\/150287\/revisions"}],"predecessor-version":[{"id":150290,"href":"https:\/\/www.fuldaernachrichten.de\/index.php?rest_route=\/wp\/v2\/posts\/150287\/revisions\/150290"}],"wp:attachment":[{"href":"https:\/\/www.fuldaernachrichten.de\/index.php?rest_route=%2Fwp%2Fv2%2Fmedia&parent=150287"}],"wp:term":[{"taxonomy":"category","embeddable":true,"href":"https:\/\/www.fuldaernachrichten.de\/index.php?rest_route=%2Fwp%2Fv2%2Fcategories&post=150287"},{"taxonomy":"post_tag","embeddable":true,"href":"https:\/\/www.fuldaernachrichten.de\/index.php?rest_route=%2Fwp%2Fv2%2Ftags&post=150287"}],"curies":[{"name":"wp","href":"https:\/\/api.w.org\/{rel}","templated":true}]}}