{"id":15028,"date":"2008-11-20T00:58:53","date_gmt":"2008-11-19T23:58:53","guid":{"rendered":"http:\/\/www.schoene-nachrichten.de\/?p=15028"},"modified":"2008-11-27T20:56:07","modified_gmt":"2008-11-27T19:56:07","slug":"kinder-musical-luzio-geht-von-fulda-aus-in-die-welt","status":"publish","type":"post","link":"https:\/\/www.fuldaernachrichten.de\/?p=15028","title":{"rendered":"Kinder-Musical LUZIO geht von Fulda aus in \u201edie Welt\u201c"},"content":{"rendered":"<p><strong>Fulda. <\/strong>Von Fulda aus will ein Kinder-Musical Deutschland erobern. Es geht um \u201eLuzio \u2013 das teuflisch gute Musical\u201c aus der Feder des Mainzer K\u00fcnstlers Werner Aurin. Am vergangenen Wochenende feierte der K\u00fcnstler mit vielen Mitwirkenden die Fertigstellung der entsprechenden CD. Mit dabei sein Fuldaer Pressesprecher Peter Wolff. Ihm obliegt mit seiner Marke \u201eRent a Pressereferent\u201c (<a href=\"http:\/\/www.wolff-pr.de\" target=\"_blank\">www.wolff-pr.de<\/a>) die bundesweite Presse- und \u00d6ffentlichkeitsarbeit.<\/p>\n<p><strong>Fotos (2):<\/strong> Wolff<\/p>\n<p><a rel=\"lightbox[roadtrip]\" href=\"http:\/\/www.schoene-nachrichten.de\/wp-content\/uploads\/2008\/11\/081126-klavier.jpg\" target=\"_blank\"><img decoding=\"async\" class=\"alignnone size-thumbnail wp-image-15029\" title=\"081126-klavier\" src=\"http:\/\/www.schoene-nachrichten.de\/wp-content\/uploads\/2008\/11\/081126-klavier-128x85.jpg\" alt=\"\" width=\"128\" height=\"85\" \/><\/a> <a rel=\"lightbox[roadtrip]\" href=\"http:\/\/www.schoene-nachrichten.de\/wp-content\/uploads\/2008\/11\/081126-klbvier-2.jpg\" target=\"_blank\"><img decoding=\"async\" class=\"alignnone size-medium wp-image-15030\" title=\"081126-klbvier-2\" src=\"http:\/\/www.schoene-nachrichten.de\/wp-content\/uploads\/2008\/11\/081126-klbvier-2-128x126.jpg\" alt=\"\" width=\"128\" height=\"126\" srcset=\"https:\/\/www.fuldaernachrichten.de\/wp-content\/uploads\/2008\/11\/081126-klbvier-2-128x126.jpg 128w, https:\/\/www.fuldaernachrichten.de\/wp-content\/uploads\/2008\/11\/081126-klbvier-2.jpg 607w\" sizes=\"(max-width: 128px) 100vw, 128px\" \/><\/a><!--more--><\/p>\n<p>Rund 30 Songs enth\u00e4lt die CD \u201eLuzio &#8211; das teuflisch gute Musical\u201c. Sie wurden von Werner Aurin komponiert und getextet. Der Musiker ist in vielen Musik-Genres zu Hause. Im September war er mit seinem Jazz-Duo Aurin &amp; Falk im Caf\u00e9 Ol\u00e9 in Fulda zu Gast, mit seiner A-Capella-Gruppe Headline heimste er 1985 sogar eine Goldene Europa ein, als \u201eFu\u00dfball-S\u00e4nger\u201c, komponierte er seinem Mainz-05 im Jubil\u00e4umsjahr 2005 vier Fu\u00dfball-Songs aufs Trikot und im darauf folgenden Jahr war es sein Samba Aleman, der die deutschen Kicker zum WM-Sieg puschen sollte. Sein aktuelles Kinder- und Familien-Musical soll als Projekt dazu dienen, Kinder wieder vermehrt an die Musik, an Instrumente und auch durchaus &#8220;an die gro\u00dfe B\u00fchne&#8221; heranf\u00fchren.<\/p>\n<p><strong>Gro\u00dfe Themenbandbreite<\/strong><br \/>\nDie Songs decken eine gro\u00dfe Bandbreite an Themen, von der Verkehrserziehung \u00fcber Essprobleme, ab, die t\u00e4glich von Kindern und deren Eltern bew\u00e4ltigt werden m\u00fcssen. Das Musical handelt vom jungen Teufelchen Luzio, dass die Seelen der Erdenkinder verderben soll, dabei aber entdeckt, wie sch\u00f6n es ist Kind zu sein. Bereits in der Vergangenheit nahmen Schulen das Angebot von Aurin an, und studierten das Musical als Musikprojekt \u00fcber ein Schuljahr ein. Nach Auff\u00fchrungen im Taunus folgte im Sommer eine Schule aus dem s\u00fcdhessischen Viernheim, sowie ein Gastspiel in Frankreich.<\/p>\n<p>Die positiven Erfahrungen der Schulauff\u00fchrungen bewogen Aurin sein Werk nun als CD auf den Markt zu bringen, um die Verbreitung dieses Projekts zu f\u00f6rdern. Er bietet ferner interessierten Schulen eine Mithilfe und das erforderliche Text- und Notenmaterial an, wenn sie an einer Schulauff\u00fchrung Interesse zeigen.<br \/>\nDie CD ist \u00fcber AurinMusic (<a href=\"http:\/\/www.aurinmusic.de\" target=\"_blank\">www.aurinmusic.de<\/a>) erh\u00e4ltlich und kostet \u00e2\u201a\u00ac 9,90 zzgl. Versandkosten.<\/p>\n","protected":false},"excerpt":{"rendered":"<div class=\"tmnf_excerpt\"><p>Fulda. Von Fulda aus will ein Kinder-Musical Deutschland erobern. Es geht um \u201eLuzio \u2013 das teuflisch gute Musical\u201c aus der Feder des Mainzer K\u00fcnstlers Werner Aurin. Am vergangenen Wochenende feierte der K\u00fcnstler mit vielen Mitwirkenden die Fertigstellung der entsprechenden CD. Mit dabei sein Fuldaer Pressesprecher Peter Wolff. Ihm obliegt mit seiner Marke \u201eRent a Pressereferent\u201c &hellip;<\/p>\n<\/div>","protected":false},"author":1,"featured_media":0,"comment_status":"closed","ping_status":"closed","sticky":false,"template":"","format":"standard","meta":{"footnotes":""},"categories":[1,72],"tags":[],"class_list":["post-15028","post","type-post","status-publish","format-standard","hentry","category-startseite","category-jugend"],"_links":{"self":[{"href":"https:\/\/www.fuldaernachrichten.de\/index.php?rest_route=\/wp\/v2\/posts\/15028","targetHints":{"allow":["GET"]}}],"collection":[{"href":"https:\/\/www.fuldaernachrichten.de\/index.php?rest_route=\/wp\/v2\/posts"}],"about":[{"href":"https:\/\/www.fuldaernachrichten.de\/index.php?rest_route=\/wp\/v2\/types\/post"}],"author":[{"embeddable":true,"href":"https:\/\/www.fuldaernachrichten.de\/index.php?rest_route=\/wp\/v2\/users\/1"}],"replies":[{"embeddable":true,"href":"https:\/\/www.fuldaernachrichten.de\/index.php?rest_route=%2Fwp%2Fv2%2Fcomments&post=15028"}],"version-history":[{"count":3,"href":"https:\/\/www.fuldaernachrichten.de\/index.php?rest_route=\/wp\/v2\/posts\/15028\/revisions"}],"predecessor-version":[{"id":15033,"href":"https:\/\/www.fuldaernachrichten.de\/index.php?rest_route=\/wp\/v2\/posts\/15028\/revisions\/15033"}],"wp:attachment":[{"href":"https:\/\/www.fuldaernachrichten.de\/index.php?rest_route=%2Fwp%2Fv2%2Fmedia&parent=15028"}],"wp:term":[{"taxonomy":"category","embeddable":true,"href":"https:\/\/www.fuldaernachrichten.de\/index.php?rest_route=%2Fwp%2Fv2%2Fcategories&post=15028"},{"taxonomy":"post_tag","embeddable":true,"href":"https:\/\/www.fuldaernachrichten.de\/index.php?rest_route=%2Fwp%2Fv2%2Ftags&post=15028"}],"curies":[{"name":"wp","href":"https:\/\/api.w.org\/{rel}","templated":true}]}}