{"id":150223,"date":"2016-04-15T07:48:05","date_gmt":"2016-04-15T05:48:05","guid":{"rendered":"http:\/\/www.fuldaer-nachrichten.de\/?p=150223"},"modified":"2016-04-15T07:48:05","modified_gmt":"2016-04-15T05:48:05","slug":"das-herz-thorax-zentrum-des-klinikums-fulda-veranstaltet-den-6-fuldaer-herztag-herz-kreislauferkrankungen-vorbeugen","status":"publish","type":"post","link":"https:\/\/www.fuldaernachrichten.de\/?p=150223","title":{"rendered":"Das Herz-Thorax-Zentrum des Klinikums Fulda veranstaltet den  6. Fuldaer Herztag:  Herz-Kreislauferkrankungen vorbeugen!"},"content":{"rendered":"<p>\u00c4rztinnen und \u00c4rzte aus Klinik und Praxis treffen sich am Samstag, den 16. April 2016 von 08.30 bis 15.00 Uhr zum 6. Fuldaer Herztag in der Orangerie (Hotel Maritim, Fulda). Das Hauptthema des Tages ist die Vorbeugung von Herz-Kreislauferkrankungen.<\/p>\n<p>Der diesj\u00e4hrige, erneut vom Herz-Thorax-Zentrum des Klinikums Fulda in Zusammenarbeit mit dem Gesundheitsnetz Osthessen ausgerichtete, 6. Fuldaer Herztag steht unter dem Motto \u201eVorbeugung von Herzkreislauferkrankungen\u201c. Der Behandlung des Diabetes mellitus (Zuckerkrankheit) kommt dabei eine Schl\u00fcsselrolle zu. Aktuelle Entwicklungen werden vorgestellt und besprochen. Besonderer Wert wird auch in diesem Jahr wieder auf den praxisnahen Austausch zwischen der ambulanten und der station\u00e4ren Medizin, beispielsweise durch die Vorstellung besonderer Fallbeispiele gelegt.<\/p>\n<p>Die  zahlreichen Innovationen der letzten Monate stehen ebenfalls auf dem Programm: neue Medikamente z.B. zur Senkung der Blutfettwerte oder die neuen Zielwerte f\u00fcr den Blutdruck. Beides dient der Vorbeugung und Behandlung von Herzerkrankungen. Ein zunehmendes Problem in der Versorgung der Patienten ist auch die Herzmuskelschw\u00e4che (Herzinsuffizienz). Erfreulicherweise gibt es auch hier neue Behandlungsm\u00f6glichkeiten, die am 6. Fuldaer Herztag vorgestellt werden. Weitere Themen sind invasive Elektrophysiologie, Klappen- und Koronarinterventionen, Koronarchirurgie. Der aktuelle Stand der Wissenschaft und die Umsetzung in der Region Fulda bzw. in Osthessen werden auch n\u00e4her beleuchtet.<\/p>\n<p>Der Herztag wird gemeinsam von der Medizinischen Klinik I, Kardiologie (Prof. Dr. Volker Sch\u00e4chinger) und der Klinik f\u00fcr Herz-und Thorax-Chirurgie (Priv.-Doz. Dr. Hilmar D\u00f6rge) ausgerichtet, die sich zusammen mit der Klinik f\u00fcr Gef\u00e4\u00dfchirurgie (Dr. Manfred Kaufmann) und der Medizinischen Klinik V, Pneumologie (Prof. Dr. Philipp Markart) zum Herz-Thorax-Zentrum des Klinikums Fulda zusammengeschlossen haben. http:\/\/www.fuldaer-herztag.de<\/p>\n","protected":false},"excerpt":{"rendered":"<div class=\"tmnf_excerpt\"><p>\u00c4rztinnen und \u00c4rzte aus Klinik und Praxis treffen sich am Samstag, den 16. April 2016 von 08.30 bis 15.00 Uhr zum 6. Fuldaer Herztag in der Orangerie (Hotel Maritim, Fulda). Das Hauptthema des Tages ist die Vorbeugung von Herz-Kreislauferkrankungen. Der diesj\u00e4hrige, erneut vom Herz-Thorax-Zentrum des Klinikums Fulda in Zusammenarbeit mit dem Gesundheitsnetz Osthessen ausgerichtete, 6. &hellip;<\/p>\n<\/div>","protected":false},"author":1,"featured_media":0,"comment_status":"closed","ping_status":"closed","sticky":false,"template":"","format":"standard","meta":{"footnotes":""},"categories":[51],"tags":[],"class_list":["post-150223","post","type-post","status-publish","format-standard","hentry","category-medizin"],"_links":{"self":[{"href":"https:\/\/www.fuldaernachrichten.de\/index.php?rest_route=\/wp\/v2\/posts\/150223","targetHints":{"allow":["GET"]}}],"collection":[{"href":"https:\/\/www.fuldaernachrichten.de\/index.php?rest_route=\/wp\/v2\/posts"}],"about":[{"href":"https:\/\/www.fuldaernachrichten.de\/index.php?rest_route=\/wp\/v2\/types\/post"}],"author":[{"embeddable":true,"href":"https:\/\/www.fuldaernachrichten.de\/index.php?rest_route=\/wp\/v2\/users\/1"}],"replies":[{"embeddable":true,"href":"https:\/\/www.fuldaernachrichten.de\/index.php?rest_route=%2Fwp%2Fv2%2Fcomments&post=150223"}],"version-history":[{"count":1,"href":"https:\/\/www.fuldaernachrichten.de\/index.php?rest_route=\/wp\/v2\/posts\/150223\/revisions"}],"predecessor-version":[{"id":150230,"href":"https:\/\/www.fuldaernachrichten.de\/index.php?rest_route=\/wp\/v2\/posts\/150223\/revisions\/150230"}],"wp:attachment":[{"href":"https:\/\/www.fuldaernachrichten.de\/index.php?rest_route=%2Fwp%2Fv2%2Fmedia&parent=150223"}],"wp:term":[{"taxonomy":"category","embeddable":true,"href":"https:\/\/www.fuldaernachrichten.de\/index.php?rest_route=%2Fwp%2Fv2%2Fcategories&post=150223"},{"taxonomy":"post_tag","embeddable":true,"href":"https:\/\/www.fuldaernachrichten.de\/index.php?rest_route=%2Fwp%2Fv2%2Ftags&post=150223"}],"curies":[{"name":"wp","href":"https:\/\/api.w.org\/{rel}","templated":true}]}}