{"id":150193,"date":"2016-04-14T08:45:31","date_gmt":"2016-04-14T06:45:31","guid":{"rendered":"http:\/\/www.fuldaer-nachrichten.de\/?p=150193"},"modified":"2016-04-14T08:45:31","modified_gmt":"2016-04-14T06:45:31","slug":"schuelervertretung-der-eduard-stieler-schule-unterstuetzt-netzwerk-fluechtlingshilfe-eichenzell-e-v-2","status":"publish","type":"post","link":"https:\/\/www.fuldaernachrichten.de\/?p=150193","title":{"rendered":"Sch\u00fclervertretung der Eduard-Stieler-Schule unterst\u00fctzt Netzwerk Fl\u00fcchtlingshilfe Eichenzell e.V."},"content":{"rendered":"<p>Unter diesem Leitsatz von Marie von Ebner-Eschenbach hat sich die Sch\u00fclervertretung (SV) der Eduard-Stieler-Schule Fulda unter der Leitung von Schulsprecherin Selina Goldbach mit dem Netzwerk Fl\u00fcchtlingshilfe Eichenzell in Verbindung gesetzt und eine Sammelaktion f\u00fcr Kleidung und Schuhe in der Schule gestartet. An drei Tagen konnten Sch\u00fclerinnen und Sch\u00fcler ihre zu kleinen oder \u00fcberz\u00e4hligen Kleidungsst\u00fccke an die SV abgeben, die diese mittels Unterst\u00fctzung der Vertrauenslehrkr\u00e4fte Elke Just und Ren\u00e9-Andre Kohl an die Verantwortliche des Netzwerks, Frau Susanne Bohl, und den B\u00fcrgermeister von Eichenzell, Dieter Kolb, noch vor Ostern \u00fcbergeben konnte. <\/p>\n<p>Selina Goldbach stellte im Gespr\u00e4ch heraus, dass man sich mehr Solidarit\u00e4t, Offenheit und mehr Menschlichkeit im Umgang mit den Fl\u00fcchtlingen w\u00fcnsche, denn gerade an der Eduard-Stieler-Schule werde die Integration gelebt, weil hier mittlerweile vier Integrationsklassen aufgenommen wurden, die sich in den Schulalltag integrieren. Niklas Br\u00e4hler, Selinas Stellvertreter, f\u00fchrte erg\u00e4nzend an, dass man f\u00fcr das Schuljahresende eine gemeinsame Aktion interessierter Vollzeitklassen mit den Fl\u00fcchtlingsklassen anstrebe, um das Miteinander zu f\u00f6rdern und auch das Verst\u00e4ndnis bei den Mitsch\u00fclerinnen und Mitsch\u00fclern zu steigern. Begleitet wurden sie von den SV-Mitgliedern Melanie Blotenberg und Christina Post.<\/p>\n","protected":false},"excerpt":{"rendered":"<div class=\"tmnf_excerpt\"><p>Unter diesem Leitsatz von Marie von Ebner-Eschenbach hat sich die Sch\u00fclervertretung (SV) der Eduard-Stieler-Schule Fulda unter der Leitung von Schulsprecherin Selina Goldbach mit dem Netzwerk Fl\u00fcchtlingshilfe Eichenzell in Verbindung gesetzt und eine Sammelaktion f\u00fcr Kleidung und Schuhe in der Schule gestartet. An drei Tagen konnten Sch\u00fclerinnen und Sch\u00fcler ihre zu kleinen oder \u00fcberz\u00e4hligen Kleidungsst\u00fccke an &hellip;<\/p>\n<\/div>","protected":false},"author":1,"featured_media":150199,"comment_status":"closed","ping_status":"closed","sticky":false,"template":"","format":"standard","meta":{"footnotes":""},"categories":[1],"tags":[],"class_list":["post-150193","post","type-post","status-publish","format-standard","has-post-thumbnail","hentry","category-startseite"],"_links":{"self":[{"href":"https:\/\/www.fuldaernachrichten.de\/index.php?rest_route=\/wp\/v2\/posts\/150193","targetHints":{"allow":["GET"]}}],"collection":[{"href":"https:\/\/www.fuldaernachrichten.de\/index.php?rest_route=\/wp\/v2\/posts"}],"about":[{"href":"https:\/\/www.fuldaernachrichten.de\/index.php?rest_route=\/wp\/v2\/types\/post"}],"author":[{"embeddable":true,"href":"https:\/\/www.fuldaernachrichten.de\/index.php?rest_route=\/wp\/v2\/users\/1"}],"replies":[{"embeddable":true,"href":"https:\/\/www.fuldaernachrichten.de\/index.php?rest_route=%2Fwp%2Fv2%2Fcomments&post=150193"}],"version-history":[{"count":1,"href":"https:\/\/www.fuldaernachrichten.de\/index.php?rest_route=\/wp\/v2\/posts\/150193\/revisions"}],"predecessor-version":[{"id":150202,"href":"https:\/\/www.fuldaernachrichten.de\/index.php?rest_route=\/wp\/v2\/posts\/150193\/revisions\/150202"}],"wp:featuredmedia":[{"embeddable":true,"href":"https:\/\/www.fuldaernachrichten.de\/index.php?rest_route=\/wp\/v2\/media\/150199"}],"wp:attachment":[{"href":"https:\/\/www.fuldaernachrichten.de\/index.php?rest_route=%2Fwp%2Fv2%2Fmedia&parent=150193"}],"wp:term":[{"taxonomy":"category","embeddable":true,"href":"https:\/\/www.fuldaernachrichten.de\/index.php?rest_route=%2Fwp%2Fv2%2Fcategories&post=150193"},{"taxonomy":"post_tag","embeddable":true,"href":"https:\/\/www.fuldaernachrichten.de\/index.php?rest_route=%2Fwp%2Fv2%2Ftags&post=150193"}],"curies":[{"name":"wp","href":"https:\/\/api.w.org\/{rel}","templated":true}]}}