{"id":150175,"date":"2016-04-14T08:43:44","date_gmt":"2016-04-14T06:43:44","guid":{"rendered":"http:\/\/www.fuldaer-nachrichten.de\/?p=150175"},"modified":"2016-04-14T08:43:44","modified_gmt":"2016-04-14T06:43:44","slug":"pflegeakademie-fuehrte-13-pflegefachhelfer-zum-abschluss","status":"publish","type":"post","link":"https:\/\/www.fuldaernachrichten.de\/?p=150175","title":{"rendered":"Pflegeakademie f\u00fchrte 13 Pflegefachhelfer zum Abschluss"},"content":{"rendered":"<p>13 Teilnehmer haben vor Kurzem den Qualifikations-Lehrgang zum \u201ePflegefachhelfer in der Gerontopsychiatrie\u201c an der Vogelsberger Pflegeakademie erfolgreich abgeschlossen. Vor dem Hintergrund des wachsenden Pflegefachkr\u00e4ftebedarfs und der weiterhin steigenden Zahl gerontopsychiatrisch pflegebed\u00fcrftiger Menschen ist diese Qualifizierung entstanden, um die professionelle Pflege durch qualifiziertes Assistenzpersonal zu unterst\u00fctzen, erl\u00e4utert Schulleiter Thomas M\u00fcller in einer Pressemitteilung.<\/p>\n<p>Die Qualifizierung beinhaltet drei Module, die thematisch aufeinander aufbauen: 1. Modul mit dem Abschluss \u201ePflegeassistent\u201c mit insgesamt 160 Stunden. Darauf folgt das 2. Modul mit dem Abschluss \u201eAlltagsbegleiter\/Pr\u00e4senzkraft\u201c mit weiteren 240 Stunden. Das 3. Modul mit nochmals 160 Stunden f\u00fchrt zum Abschluss \u201ePflegefachhelfer in der Gerontopsychiatrie\u201c. Die praktischen Stunden werden im Rahmen von Praktika in den ambulanten und\/oder station\u00e4ren Altenhilfeeinrichtungen absolviert.<\/p>\n<p>Mit dem bestandenen Abschluss k\u00f6nnen die Teilnehmer in der Pflege oder in der Betreuung arbeiten.<\/p>\n<p>Grunds\u00e4tzlich richtet sich das Bildungsangebot an Jedermann. Der n\u00e4chste Kurs beginnt am 24. Oktober 2016. N\u00e4here Informationen dazu gibt es unter www.vogelsberger-pflegeakademie.de oder direkt in der Vogelsberger Pflegeakademie in Alsfeld, Telefon 06631\/1320.<\/p>\n","protected":false},"excerpt":{"rendered":"<div class=\"tmnf_excerpt\"><p>13 Teilnehmer haben vor Kurzem den Qualifikations-Lehrgang zum \u201ePflegefachhelfer in der Gerontopsychiatrie\u201c an der Vogelsberger Pflegeakademie erfolgreich abgeschlossen. Vor dem Hintergrund des wachsenden Pflegefachkr\u00e4ftebedarfs und der weiterhin steigenden Zahl gerontopsychiatrisch pflegebed\u00fcrftiger Menschen ist diese Qualifizierung entstanden, um die professionelle Pflege durch qualifiziertes Assistenzpersonal zu unterst\u00fctzen, erl\u00e4utert Schulleiter Thomas M\u00fcller in einer Pressemitteilung. Die Qualifizierung beinhaltet &hellip;<\/p>\n<\/div>","protected":false},"author":1,"featured_media":150184,"comment_status":"closed","ping_status":"closed","sticky":false,"template":"","format":"standard","meta":{"footnotes":""},"categories":[1],"tags":[],"class_list":["post-150175","post","type-post","status-publish","format-standard","has-post-thumbnail","hentry","category-startseite"],"_links":{"self":[{"href":"https:\/\/www.fuldaernachrichten.de\/index.php?rest_route=\/wp\/v2\/posts\/150175","targetHints":{"allow":["GET"]}}],"collection":[{"href":"https:\/\/www.fuldaernachrichten.de\/index.php?rest_route=\/wp\/v2\/posts"}],"about":[{"href":"https:\/\/www.fuldaernachrichten.de\/index.php?rest_route=\/wp\/v2\/types\/post"}],"author":[{"embeddable":true,"href":"https:\/\/www.fuldaernachrichten.de\/index.php?rest_route=\/wp\/v2\/users\/1"}],"replies":[{"embeddable":true,"href":"https:\/\/www.fuldaernachrichten.de\/index.php?rest_route=%2Fwp%2Fv2%2Fcomments&post=150175"}],"version-history":[{"count":1,"href":"https:\/\/www.fuldaernachrichten.de\/index.php?rest_route=\/wp\/v2\/posts\/150175\/revisions"}],"predecessor-version":[{"id":150194,"href":"https:\/\/www.fuldaernachrichten.de\/index.php?rest_route=\/wp\/v2\/posts\/150175\/revisions\/150194"}],"wp:featuredmedia":[{"embeddable":true,"href":"https:\/\/www.fuldaernachrichten.de\/index.php?rest_route=\/wp\/v2\/media\/150184"}],"wp:attachment":[{"href":"https:\/\/www.fuldaernachrichten.de\/index.php?rest_route=%2Fwp%2Fv2%2Fmedia&parent=150175"}],"wp:term":[{"taxonomy":"category","embeddable":true,"href":"https:\/\/www.fuldaernachrichten.de\/index.php?rest_route=%2Fwp%2Fv2%2Fcategories&post=150175"},{"taxonomy":"post_tag","embeddable":true,"href":"https:\/\/www.fuldaernachrichten.de\/index.php?rest_route=%2Fwp%2Fv2%2Ftags&post=150175"}],"curies":[{"name":"wp","href":"https:\/\/api.w.org\/{rel}","templated":true}]}}