{"id":150172,"date":"2016-04-14T08:43:23","date_gmt":"2016-04-14T06:43:23","guid":{"rendered":"http:\/\/www.fuldaer-nachrichten.de\/?p=150172"},"modified":"2016-04-14T08:43:23","modified_gmt":"2016-04-14T06:43:23","slug":"zunehmender-einsatz-von-led-leuchten-in-kreisgebaeuden","status":"publish","type":"post","link":"https:\/\/www.fuldaernachrichten.de\/?p=150172","title":{"rendered":"Zunehmender Einsatz von LED-Leuchten in Kreisgeb\u00e4uden"},"content":{"rendered":"<p><img decoding=\"async\" src=\"http:\/\/www.fuldaer-nachrichten.de\/wp-content\/uploads\/2016\/04\/194-Energie3-265x176.jpg\" alt=\"194-Energie3\" width=\"265\" height=\"176\" class=\"alignleft size-thumbnail wp-image-150186\" srcset=\"https:\/\/www.fuldaernachrichten.de\/wp-content\/uploads\/2016\/04\/194-Energie3-265x176.jpg 265w, https:\/\/www.fuldaernachrichten.de\/wp-content\/uploads\/2016\/04\/194-Energie3-768x511.jpg 768w, https:\/\/www.fuldaernachrichten.de\/wp-content\/uploads\/2016\/04\/194-Energie3-600x399.jpg 600w, https:\/\/www.fuldaernachrichten.de\/wp-content\/uploads\/2016\/04\/194-Energie3.jpg 900w\" sizes=\"(max-width: 265px) 100vw, 265px\" \/>In den Kreisgeb\u00e4uden werden nach und nach Leuchtstofflampen durch LED-Leuchten ersetzt. Der Grund ist, dass LED-Leuchten bei gleicher Beleuchtungsst\u00e4rke deutlicher weniger Strom verbrauchen und damit der CO -Aussto\u00df reduziert wird. Auch sind LED-Leuchten l\u00e4nger haltbar, verursachen einen geringeren Wartungsaufwand und lassen sich leichter entsorgen. Daf\u00fcr liegen die Anschaffungskosten etwas h\u00f6her.<\/p>\n<p>Den Anfang haben das erste, zweite und dritte Obergeschoss im Neubautrakt des Kreishauses in Fulda sowie die Turnhalle in Poppenhausen gemacht. F\u00fcr beide Objekte ist eine F\u00f6rderung in H\u00f6he von knapp 14.000 des Bundesministeriums f\u00fcr Umwelt, Naturschutz, Bau und Reaktorsicherheit zu erwarten. Bei der im letzten Jahr abgeschlossenen energetischen Sanierung der Innenbeleuchtung wurden die vorhandenen Leuchtstofflampen gegen energieeffizientere LED-Leuchten ausgetauscht sowie eine tageslichtabh\u00e4ngige Steuerung installiert. Durch die Modifizierung der Beleuchtung soll beim Kreishaus der CO -Aussto\u00df in 20 Jahren um 96 Tonnen sinken und eine Einsparung des Stromverbrauchs von 88 Prozent erreicht werden. Bei der Turnhalle betr\u00e4gt die Reduktion des CO -Aussto\u00dfes 127 Tonnen und des Stromverbrauchs 64 Prozent.<\/p>\n<p><img decoding=\"async\" src=\"http:\/\/www.fuldaer-nachrichten.de\/wp-content\/uploads\/2016\/04\/194-Energie2-265x176.jpg\" alt=\"194-Energie2\" width=\"265\" height=\"176\" class=\"alignleft size-thumbnail wp-image-150183\" srcset=\"https:\/\/www.fuldaernachrichten.de\/wp-content\/uploads\/2016\/04\/194-Energie2-265x176.jpg 265w, https:\/\/www.fuldaernachrichten.de\/wp-content\/uploads\/2016\/04\/194-Energie2-768x510.jpg 768w, https:\/\/www.fuldaernachrichten.de\/wp-content\/uploads\/2016\/04\/194-Energie2-600x399.jpg 600w, https:\/\/www.fuldaernachrichten.de\/wp-content\/uploads\/2016\/04\/194-Energie2.jpg 900w\" sizes=\"(max-width: 265px) 100vw, 265px\" \/>Thomas Schneider, beim Geb\u00e4udemanagement des Landkreises f\u00fcr den Bereich Elektro zust\u00e4ndig, nennt als weitere Objekte den B\u00fcrgerservice im Eingangsfoyer des Kreishauses mit den angrenzenden B\u00fcror\u00e4umen, den Erweiterungsbau des Gesundheitsamts in Fulda, die Flure in der Au\u00dfenstelle in H\u00fcnfeld, die Turnhallen der Rippbergschule in Hattenhof, der Johannes-Hack-Schule in Petersberg und der Eduard-Stieler-Schule in Fulda sowie die Stra\u00dfenbeleuchtung im Umfeld des Rh\u00f6n-Info-Zentrums auf der Wasserkuppe. Fachdienstleiter J\u00fcrgen Obermeier k\u00fcndigt an, dass im Rahmen der normalen Bauunterhaltung, aber auch der Umsetzung des Kommunalen Investitions-programms von Bund und Land weitere Geb\u00e4ude folgen w\u00fcrden. \u201eDer zunehmende Einsatz der LED-Technik zeigt, dass wir uns auf der H\u00f6he der Zeit befinden.\u201c<\/p>\n<p>Nach den Erfahrungswerten des Energiebeauftragten der Kreisverwaltung, Stefan M\u00fcller, kann die Einsparung des Stromverbrauchs bei bis zu 70 Prozent liegen. Elektrotechniker Thomas Schneider hat eine Vergleichsberechnung erstellt, wonach die j\u00e4hrlichen Stromkosten in einem \u00fcblichen B\u00fcroraum von 20 Quadratmeter Gro\u00dfe bei herk\u00f6mmlicher Beleuchtung 65 Euro und bei LED-Beleuchtung 30 Euro betragen. Auch seien LED-Leuchten mittlerweile fast Standard und die Anschaffungskosten entsprechend g\u00fcnstiger, so dass diese sich schneller amortisierten. Eine Umr\u00fcstung rechnet sich also auch wirtschaftlich und stellt nicht mehr in erster Linie einen Beitrag zur Nachhaltigkeit dar. \u00dcbrigens. Die Besucher des Landratsamts bemerken von dem nichts. Beleuchtungsqualit\u00e4t und Lichtempfinden bleiben gleich.<\/p>\n","protected":false},"excerpt":{"rendered":"<div class=\"tmnf_excerpt\"><p>In den Kreisgeb\u00e4uden werden nach und nach Leuchtstofflampen durch LED-Leuchten ersetzt. Der Grund ist, dass LED-Leuchten bei gleicher Beleuchtungsst\u00e4rke deutlicher weniger Strom verbrauchen und damit der CO -Aussto\u00df reduziert wird. Auch sind LED-Leuchten l\u00e4nger haltbar, verursachen einen geringeren Wartungsaufwand und lassen sich leichter entsorgen. Daf\u00fcr liegen die Anschaffungskosten etwas h\u00f6her. Den Anfang haben das erste, &hellip;<\/p>\n<\/div>","protected":false},"author":1,"featured_media":150182,"comment_status":"closed","ping_status":"closed","sticky":false,"template":"","format":"standard","meta":{"footnotes":""},"categories":[1],"tags":[],"class_list":["post-150172","post","type-post","status-publish","format-standard","has-post-thumbnail","hentry","category-startseite"],"_links":{"self":[{"href":"https:\/\/www.fuldaernachrichten.de\/index.php?rest_route=\/wp\/v2\/posts\/150172","targetHints":{"allow":["GET"]}}],"collection":[{"href":"https:\/\/www.fuldaernachrichten.de\/index.php?rest_route=\/wp\/v2\/posts"}],"about":[{"href":"https:\/\/www.fuldaernachrichten.de\/index.php?rest_route=\/wp\/v2\/types\/post"}],"author":[{"embeddable":true,"href":"https:\/\/www.fuldaernachrichten.de\/index.php?rest_route=\/wp\/v2\/users\/1"}],"replies":[{"embeddable":true,"href":"https:\/\/www.fuldaernachrichten.de\/index.php?rest_route=%2Fwp%2Fv2%2Fcomments&post=150172"}],"version-history":[{"count":1,"href":"https:\/\/www.fuldaernachrichten.de\/index.php?rest_route=\/wp\/v2\/posts\/150172\/revisions"}],"predecessor-version":[{"id":150189,"href":"https:\/\/www.fuldaernachrichten.de\/index.php?rest_route=\/wp\/v2\/posts\/150172\/revisions\/150189"}],"wp:featuredmedia":[{"embeddable":true,"href":"https:\/\/www.fuldaernachrichten.de\/index.php?rest_route=\/wp\/v2\/media\/150182"}],"wp:attachment":[{"href":"https:\/\/www.fuldaernachrichten.de\/index.php?rest_route=%2Fwp%2Fv2%2Fmedia&parent=150172"}],"wp:term":[{"taxonomy":"category","embeddable":true,"href":"https:\/\/www.fuldaernachrichten.de\/index.php?rest_route=%2Fwp%2Fv2%2Fcategories&post=150172"},{"taxonomy":"post_tag","embeddable":true,"href":"https:\/\/www.fuldaernachrichten.de\/index.php?rest_route=%2Fwp%2Fv2%2Ftags&post=150172"}],"curies":[{"name":"wp","href":"https:\/\/api.w.org\/{rel}","templated":true}]}}