{"id":150170,"date":"2016-04-14T08:40:36","date_gmt":"2016-04-14T06:40:36","guid":{"rendered":"http:\/\/www.fuldaer-nachrichten.de\/?p=150170"},"modified":"2016-04-14T08:40:36","modified_gmt":"2016-04-14T06:40:36","slug":"spannende-berufe-mit-zukunftsperspektive-rs-gruppe-laedt-am-19-april-zum-azubi-abend-ein","status":"publish","type":"post","link":"https:\/\/www.fuldaernachrichten.de\/?p=150170","title":{"rendered":"Spannende Berufe mit Zukunftsperspektive &#8211; R+S-Gruppe l\u00e4dt am 19. April zum Azubi-Abend ein"},"content":{"rendered":"<p>Vielf\u00e4ltige Projekte, abwechslungsreiche Aufgabengebiete und jede Menge M\u00f6glichkeiten: Unter dem Motto \u201eJetzt durchstarten \u2013 und Spannung in dein Leben bringen\u201c l\u00e4dt R+S am Dienstag, 19. April 2016, ab 18 Uhr in die R+S-Akademie im Fuldaer M\u00fcnsterfeld \u2013 Washingtonallee 17 \u2013 ein. Sch\u00fclerinnen und Sch\u00fcler, gerne auch gemeinsam mit ihren Eltern, k\u00f6nnen sich vor Ort \u00fcber die zahlreichen Ausbildungsm\u00f6glichkeiten informieren, die speziell im technisch-gewerblichen Bereich angeboten werden. Neben Ausbildern und Fachkr\u00e4ften sind auch Azubis aus verschiedenen Lehrjahren mit dabei, die aus ihrem Alltag berichten und gerne alle Fragen der \u201eKollegen von morgen\u201c beantworten. <\/p>\n<p>Die R+S-Gruppe ist auf den unterschiedlichsten Baustellen aktiv und \u00fcbernimmt mitunter au\u00dfergew\u00f6hnliche Auftr\u00e4ge. Entsprechend abwechslungsreich ist auch die Ausbildung. Genau diese Vielseitigkeit gef\u00e4llt Azubi Tim Scholz: \u201eEgal ob Luxushotel oder \u00f6ffentliche Einrichtung \u2013 jedes Projekt ist etwas Besonderes. Seit Beginn meiner Ausbildung gab es keinen Tag, an dem ich mich gelangweilt habe.\u201c Spannend findet Tim auch das Kennenlernen verschiedener Baustellen. \u201eVor kurzem habe ich zum Beispiel am Amtsgericht in Darmstadt gearbeitet. Hierbei handelt es sich um ein Geb\u00e4ude, das \u00e4u\u00dferst komplex aufgestellt ist, vor allem im Bereich Sicherheit.\u201c Auf R+S aufmerksam wurde der Auszubildende \u00fcber die Website und die Azubi-Veranstaltungen, die R+S regelm\u00e4\u00dfig anbietet. <\/p>\n<p>\u201eWir m\u00f6chten jungen Menschen, die sich in der Berufsorientierung befinden, dabei helfen, ganz ungezwungen die verschiedenen Ausbildungsberufe in der R+S-Gruppe kennenzulernen und ein bisschen hinter die Kulissen zu blicken\u201c, stellt R+S-Personalvorstand Susanne Hahn das Ziel des Azubi-Abends vor. Dabei geht es auf keinen Fall nur rein theoretisch zu: \u201eMan kann sich beim Bau einer Taschenlampe ausprobieren  oder an einer Besichtigung der Werkstatt teilnehmen, bei der die Besucher \u00fcberdimensionale Schaltschr\u00e4nke oder Heizungsanlagen erl\u00e4utert bekommen\u201c, macht Christopher Krause, Verantwortlicher im Ausbildungswesen von R+S, neugierig. Au\u00dferdem wird auch ein Bewerbungs-Check angeboten: Personalreferenten schauen sich die Mappen an und geben hilfreiche Tipps, wie man diese f\u00fcr eine erfolgreiche Bewerbung optimieren kann.<\/p>\n<p>\u00dcbrigens: Eine vorherige Anmeldung ist nicht notwendig. Wer aber schon vorab einen Termin zu einem Einzelgespr\u00e4ch vereinbaren m\u00f6chte, kann dies gerne bei Christopher Krause per Telefon unter (0661) 500 80 -319 machen.<\/p>\n<p>www.rs-ag.net<\/p>\n","protected":false},"excerpt":{"rendered":"<div class=\"tmnf_excerpt\"><p>Vielf\u00e4ltige Projekte, abwechslungsreiche Aufgabengebiete und jede Menge M\u00f6glichkeiten: Unter dem Motto \u201eJetzt durchstarten \u2013 und Spannung in dein Leben bringen\u201c l\u00e4dt R+S am Dienstag, 19. April 2016, ab 18 Uhr in die R+S-Akademie im Fuldaer M\u00fcnsterfeld \u2013 Washingtonallee 17 \u2013 ein. Sch\u00fclerinnen und Sch\u00fcler, gerne auch gemeinsam mit ihren Eltern, k\u00f6nnen sich vor Ort \u00fcber &hellip;<\/p>\n<\/div>","protected":false},"author":1,"featured_media":150177,"comment_status":"closed","ping_status":"closed","sticky":false,"template":"","format":"standard","meta":{"footnotes":""},"categories":[1],"tags":[],"class_list":["post-150170","post","type-post","status-publish","format-standard","has-post-thumbnail","hentry","category-startseite"],"_links":{"self":[{"href":"https:\/\/www.fuldaernachrichten.de\/index.php?rest_route=\/wp\/v2\/posts\/150170","targetHints":{"allow":["GET"]}}],"collection":[{"href":"https:\/\/www.fuldaernachrichten.de\/index.php?rest_route=\/wp\/v2\/posts"}],"about":[{"href":"https:\/\/www.fuldaernachrichten.de\/index.php?rest_route=\/wp\/v2\/types\/post"}],"author":[{"embeddable":true,"href":"https:\/\/www.fuldaernachrichten.de\/index.php?rest_route=\/wp\/v2\/users\/1"}],"replies":[{"embeddable":true,"href":"https:\/\/www.fuldaernachrichten.de\/index.php?rest_route=%2Fwp%2Fv2%2Fcomments&post=150170"}],"version-history":[{"count":1,"href":"https:\/\/www.fuldaernachrichten.de\/index.php?rest_route=\/wp\/v2\/posts\/150170\/revisions"}],"predecessor-version":[{"id":150178,"href":"https:\/\/www.fuldaernachrichten.de\/index.php?rest_route=\/wp\/v2\/posts\/150170\/revisions\/150178"}],"wp:featuredmedia":[{"embeddable":true,"href":"https:\/\/www.fuldaernachrichten.de\/index.php?rest_route=\/wp\/v2\/media\/150177"}],"wp:attachment":[{"href":"https:\/\/www.fuldaernachrichten.de\/index.php?rest_route=%2Fwp%2Fv2%2Fmedia&parent=150170"}],"wp:term":[{"taxonomy":"category","embeddable":true,"href":"https:\/\/www.fuldaernachrichten.de\/index.php?rest_route=%2Fwp%2Fv2%2Fcategories&post=150170"},{"taxonomy":"post_tag","embeddable":true,"href":"https:\/\/www.fuldaernachrichten.de\/index.php?rest_route=%2Fwp%2Fv2%2Ftags&post=150170"}],"curies":[{"name":"wp","href":"https:\/\/api.w.org\/{rel}","templated":true}]}}