{"id":150167,"date":"2016-04-14T08:39:39","date_gmt":"2016-04-14T06:39:39","guid":{"rendered":"http:\/\/www.fuldaer-nachrichten.de\/?p=150167"},"modified":"2016-04-14T08:39:39","modified_gmt":"2016-04-14T06:39:39","slug":"schuldnerberaterinnen-und-berater-trafen-sich","status":"publish","type":"post","link":"https:\/\/www.fuldaernachrichten.de\/?p=150167","title":{"rendered":"Schuldnerberaterinnen und \u2013berater trafen sich"},"content":{"rendered":"<p>Zu einer Fortbildung und zum Erfahrungsaustausch trafen sich Schuldnerberaterinnen und Schuldnerberater aus nord-, mittel- und osthessischen Schuldnerberatungsstellen auf Einladung des Caritasverbands f\u00fcr die Regionen Fulda und Geisa in der Altentagesst\u00e4tte der Caritas am Hexenturm in Fulda. Mit dabei waren Richterin Karin Stock, Fulda, Insolvenz- und Betreuungsrecht und Udo Lautenbach, Direktor des Amtsgericht Fulda. Als Referent konnte Rechtsanwalt R\u00fcdiger Neidert, Fulda gewonnen werden. Sein Rechtsanwaltsb\u00fcro geh\u00f6rte mit zu den ersten, die sich nach der Einf\u00fchrung der Insolvenzordnung (InsO) am 01. Januar 1999 mit dem Thema Privatinsolvenz oder auch Verbraucherinsolvenz befassten.<br \/>\nDie beiden Richter Karin Stock und Udo Lautenbach gaben einen \u00dcberblick \u00fcber die Ver\u00e4nderung der Fallzahlen der Verbraucherinsolvenzverfahren. Dabei handelt es sich um Verfahren, die nicht durch einen au\u00dfergerichtliche Einigung zu einem befriedigenden Ergebnis gebracht werden konnten. Sie w\u00fcrden nicht mehr die H\u00f6he aufwiesen, die sie zum Zeitpunkt der Einf\u00fchrung des Gesetzes gehabt h\u00e4tten.<\/p>\n<p>Rechtsanwalt R\u00fcdiger Neidert zeigte an ausgew\u00e4hlten Paragraphen wichtige \u00c4nderungen in den Jahren 2015 und 2016 in Gesetz und Rechtsprechung auf. So sei der \u201eTreuh\u00e4nder\u201c durch den \u201eInsolvenzverwalter\u201c ersetzt worden, der zudem ein origin\u00e4res Anfechtungsrecht habe. \u00dcber die Insolvenzmasse sei nur der Insolvenzverwalter verf\u00fcgungsberechtigt. Der Rechtsanwalt erl\u00e4uterte auch die Bedingungen f\u00fcr eine Verk\u00fcrzung der Wartefrist bis zur Restschuldbefreiung. Wichtig hierbei ist, dass die Verfahrenskosten getilgt sein m\u00fcssen. Ein wichtiger Punkt f\u00fcr einen erfolgreichen Abschluss der Verfahren sei auch der \u00c2\u00a7 287b InsO. <\/p>\n<p>Ab Beginn der Abtretungsfrist bis zur Beendigung des Insolvenzverfahrens obliege es dem Schuldner, der ohne Besch\u00e4ftigung sei, sich um eine solche zu bem\u00fchen. In der Regel bedeute dieses, dass der Schuldner bis zu f\u00fcnf Bewerbungen um einen Arbeitsplatz w\u00f6chentlich schreiben bzw. von Anfang an arbeiten gehen m\u00fcsse. Die Schuldnerberaterinnen und \u2013berater hatten Gelegenheit an Problemstellungen Inhalte zu erfragen. <\/p>\n<p>Als weitere Referent berichtete Elektromeister Marco M\u00f6ller \u00fcber den Energiesparcheck der Caritas. Mit dem Projekt \u201eEnergiesparcheck\u201c bieten der Caritasverband f\u00fcr die Regionen Fulda und Geisa sowie der Landkreis Fulda einkommensschwachen Personen und Familien Unterst\u00fctzung beim effizienten Einsatz von Energie im Haushalt an. Berechtigte seien:  Leistungsberechtigte nach dem SGB II (Arbeitslosengeld II), Leistungsberechtigte nach dem SGB XII (Sozialhilfe), Wohngeldberechtigte, Kinderzuschlagsberechtigte und Leistungsberechtigte nach dem Asylbewerberleistungsgesetz. Im Jahr 2014 habe man 296 Haushalte \u201ege-checkt\u201c und insgesamt 3.762 unterschiedliche Soforthilfen (Energiesparlampen, abschaltbare Steckdosenleisten, Wasserdurchlaufbegrenzer u.v.m.) im Wert von 15.833,00 \u00e2\u201a\u00ac installiert. Die durchschnittliche pro beratenen Haushalt j\u00e4hrlich eingesparten Energiekosten f\u00fcr Strom, Wasser und Warmwasser h\u00e4tten 194,00 Euro betragen, was eine erhebliche Einsparung f\u00fcr einkommensschwache oder \u00fcberschuldete Haushalte sei und die \u00f6ffentlichen Kassen erheblich entlaste.<\/p>\n<p>Foto: Ausrichter und Referent der Tagung der Schuldnerberatungsstellen (v.l.n.r.) Richterin Karin Stock, Peter Kremer, Petra Peh, Martin Herzig, Christiane Detscher, Rechtsanw\u00e4ltin Marion Sch\u00fctz, Rechtsanw\u00e4ltin Ursula Hillebrand (alle Schuldnerberatung Caritas Fulda), Amtsgerichtsdirektor Udo Lautenbach und Referent Rechtsanwalt R\u00fcdiger Neidert.<\/p>\n","protected":false},"excerpt":{"rendered":"<div class=\"tmnf_excerpt\"><p>Zu einer Fortbildung und zum Erfahrungsaustausch trafen sich Schuldnerberaterinnen und Schuldnerberater aus nord-, mittel- und osthessischen Schuldnerberatungsstellen auf Einladung des Caritasverbands f\u00fcr die Regionen Fulda und Geisa in der Altentagesst\u00e4tte der Caritas am Hexenturm in Fulda. Mit dabei waren Richterin Karin Stock, Fulda, Insolvenz- und Betreuungsrecht und Udo Lautenbach, Direktor des Amtsgericht Fulda. Als Referent &hellip;<\/p>\n<\/div>","protected":false},"author":1,"featured_media":150173,"comment_status":"closed","ping_status":"closed","sticky":false,"template":"","format":"standard","meta":{"footnotes":""},"categories":[1],"tags":[],"class_list":["post-150167","post","type-post","status-publish","format-standard","has-post-thumbnail","hentry","category-startseite"],"_links":{"self":[{"href":"https:\/\/www.fuldaernachrichten.de\/index.php?rest_route=\/wp\/v2\/posts\/150167","targetHints":{"allow":["GET"]}}],"collection":[{"href":"https:\/\/www.fuldaernachrichten.de\/index.php?rest_route=\/wp\/v2\/posts"}],"about":[{"href":"https:\/\/www.fuldaernachrichten.de\/index.php?rest_route=\/wp\/v2\/types\/post"}],"author":[{"embeddable":true,"href":"https:\/\/www.fuldaernachrichten.de\/index.php?rest_route=\/wp\/v2\/users\/1"}],"replies":[{"embeddable":true,"href":"https:\/\/www.fuldaernachrichten.de\/index.php?rest_route=%2Fwp%2Fv2%2Fcomments&post=150167"}],"version-history":[{"count":1,"href":"https:\/\/www.fuldaernachrichten.de\/index.php?rest_route=\/wp\/v2\/posts\/150167\/revisions"}],"predecessor-version":[{"id":150174,"href":"https:\/\/www.fuldaernachrichten.de\/index.php?rest_route=\/wp\/v2\/posts\/150167\/revisions\/150174"}],"wp:featuredmedia":[{"embeddable":true,"href":"https:\/\/www.fuldaernachrichten.de\/index.php?rest_route=\/wp\/v2\/media\/150173"}],"wp:attachment":[{"href":"https:\/\/www.fuldaernachrichten.de\/index.php?rest_route=%2Fwp%2Fv2%2Fmedia&parent=150167"}],"wp:term":[{"taxonomy":"category","embeddable":true,"href":"https:\/\/www.fuldaernachrichten.de\/index.php?rest_route=%2Fwp%2Fv2%2Fcategories&post=150167"},{"taxonomy":"post_tag","embeddable":true,"href":"https:\/\/www.fuldaernachrichten.de\/index.php?rest_route=%2Fwp%2Fv2%2Ftags&post=150167"}],"curies":[{"name":"wp","href":"https:\/\/api.w.org\/{rel}","templated":true}]}}