{"id":150161,"date":"2016-04-14T08:38:24","date_gmt":"2016-04-14T06:38:24","guid":{"rendered":"http:\/\/www.fuldaer-nachrichten.de\/?p=150161"},"modified":"2016-04-14T08:38:24","modified_gmt":"2016-04-14T06:38:24","slug":"weihbischof-diez-weiht-fuenf-diakone","status":"publish","type":"post","link":"https:\/\/www.fuldaernachrichten.de\/?p=150161","title":{"rendered":"Weihbischof Diez weiht f\u00fcnf Diakone"},"content":{"rendered":"<p>Weihbischof Prof. Dr. Karlheinz Diez wird am Samstag, 16. April, im Rahmen eines feierlichen Gottesdienstes um 10 Uhr im Hohen Dom zu Fulda vier Priesteramtskandidaten sowie einem Bewerber f\u00fcr den St\u00e4ndigen Diakonat die Diakonenweihe spenden. Die vier Weihekandidaten f\u00fcr das Priesteramt sind: f\u00fcr das Bistum Fulda Christoph Acker aus der Pfarrei St. Martin in Bad Orb, Bien Bui-Trong aus der Pfarrei Hll. Vietnamesische M\u00e4rtyrer in Stuttgart und Ingo Heinrich aus der Stadtpfarrei Hll. Simplicius, Faustinus und Beatrix in Fulda, f\u00fcr das Bistum Kamina Florent Mukalay-Mukuba aus der Pfarrei St-Bavon\/Regina Pacis in Kamina (Demokratische Republik Kongo). Der Weihekandidat f\u00fcr den St\u00e4ndigen Diakonat ist Matthias Respondek aus der Pfarrei St. Johannes der T\u00e4ufer in Fulda-Johannesberg.<\/p>\n<p>Hinweis f\u00fcr die Presse:<br \/>\nWegen des besonderen Charakters der Weihehandlung hat das Bistum Fulda f\u00fcr die Diakonenweihe einen autorisierten Photographen beauftragt, der interessierte Redaktionen im Anschluss an die Feier kostenfrei mit Fotos beliefern wird. Es wird daher um Verst\u00e4ndnis gebeten, dass weitere Photographen w\u00e4hrend des Gottesdienstes und der Diakonenweihe nicht fotografieren k\u00f6nnen. Bitte teilen Sie der Bisch\u00f6flichen Pressestelle (Tel. 0661\/87-355) bis sp\u00e4testens Freitag, 15. April, 12 Uhr mit, an welche E-Mail-Adresse und von welchem Weihekandidaten Fotos im Anschluss an die Feier geliefert werden sollen.<\/p>\n","protected":false},"excerpt":{"rendered":"<div class=\"tmnf_excerpt\"><p>Weihbischof Prof. Dr. Karlheinz Diez wird am Samstag, 16. April, im Rahmen eines feierlichen Gottesdienstes um 10 Uhr im Hohen Dom zu Fulda vier Priesteramtskandidaten sowie einem Bewerber f\u00fcr den St\u00e4ndigen Diakonat die Diakonenweihe spenden. Die vier Weihekandidaten f\u00fcr das Priesteramt sind: f\u00fcr das Bistum Fulda Christoph Acker aus der Pfarrei St. Martin in Bad &hellip;<\/p>\n<\/div>","protected":false},"author":1,"featured_media":0,"comment_status":"closed","ping_status":"closed","sticky":false,"template":"","format":"standard","meta":{"footnotes":""},"categories":[1],"tags":[],"class_list":["post-150161","post","type-post","status-publish","format-standard","hentry","category-startseite"],"_links":{"self":[{"href":"https:\/\/www.fuldaernachrichten.de\/index.php?rest_route=\/wp\/v2\/posts\/150161","targetHints":{"allow":["GET"]}}],"collection":[{"href":"https:\/\/www.fuldaernachrichten.de\/index.php?rest_route=\/wp\/v2\/posts"}],"about":[{"href":"https:\/\/www.fuldaernachrichten.de\/index.php?rest_route=\/wp\/v2\/types\/post"}],"author":[{"embeddable":true,"href":"https:\/\/www.fuldaernachrichten.de\/index.php?rest_route=\/wp\/v2\/users\/1"}],"replies":[{"embeddable":true,"href":"https:\/\/www.fuldaernachrichten.de\/index.php?rest_route=%2Fwp%2Fv2%2Fcomments&post=150161"}],"version-history":[{"count":1,"href":"https:\/\/www.fuldaernachrichten.de\/index.php?rest_route=\/wp\/v2\/posts\/150161\/revisions"}],"predecessor-version":[{"id":150169,"href":"https:\/\/www.fuldaernachrichten.de\/index.php?rest_route=\/wp\/v2\/posts\/150161\/revisions\/150169"}],"wp:attachment":[{"href":"https:\/\/www.fuldaernachrichten.de\/index.php?rest_route=%2Fwp%2Fv2%2Fmedia&parent=150161"}],"wp:term":[{"taxonomy":"category","embeddable":true,"href":"https:\/\/www.fuldaernachrichten.de\/index.php?rest_route=%2Fwp%2Fv2%2Fcategories&post=150161"},{"taxonomy":"post_tag","embeddable":true,"href":"https:\/\/www.fuldaernachrichten.de\/index.php?rest_route=%2Fwp%2Fv2%2Ftags&post=150161"}],"curies":[{"name":"wp","href":"https:\/\/api.w.org\/{rel}","templated":true}]}}