{"id":150147,"date":"2016-04-14T08:35:35","date_gmt":"2016-04-14T06:35:35","guid":{"rendered":"http:\/\/www.fuldaer-nachrichten.de\/?p=150147"},"modified":"2016-04-14T08:35:35","modified_gmt":"2016-04-14T06:35:35","slug":"mit-ortsverband-eichenzell-bei-betriebsbesichtigung-in-der-firma-paul-wiegand-in-eichenzell-kerzell","status":"publish","type":"post","link":"https:\/\/www.fuldaernachrichten.de\/?p=150147","title":{"rendered":"MIT-Ortsverband Eichenzell bei Betriebsbesichtigung in der Firma Paul Wiegand in Eichenzell-Kerzell"},"content":{"rendered":"<p>Die Mittelstands- und Wirtschaftsvereinigung der CDU\/CSU mit \u00fcber 40.000 Mitgliedern und Sympathisanten ist die gr\u00f6\u00dfte mittelstandspolitische Vereinigung in ganz Deutschland.<\/p>\n<p>MIT-Mitglieder geh\u00f6ren einer starken Gemeinschaft an, die auf Allen politschen Ebenen von der Kommune bis hin zum Bund und Europa Geh\u00f6r sucht und findet. Mittelst\u00e4ndler unterst\u00fctzen Mittelst\u00e4ndler durch Kontakte und Verbindungen.<\/p>\n<p>Als direkte Interessenvertretung des Mittelstandes setzt sich die MIT f\u00fcr klare wirtschafts-, finanz- und steuerpolitische Forderungen des Mittelstandes ein. Die MIT setzt auf Wettbewerb, Eigenverantwortung und Leistungsgerechtigkeit.<\/p>\n<p>Ob auf Landes-Kreis-oder Ortsebene mit den Veranstaltungen der MIT  wollen wir unseren Mitgliedern und G\u00e4sten unter anderem unsere heimischen Firmen vorstellen und dar\u00fcber hinaus  uns auch f\u00fcr die Interessen der ortsans\u00e4ssigen Betriebe stark machen.<br \/>\nVon Netzwerktreffen \u00fcber politische Veranstaltungen bis hin zu geselligen Events, die MIT bringen Entscheidungstr\u00e4ger miteinander ins Gespr\u00e4ch.\u00c2\u00a0Deswegen sind unsere Veranstaltungen ein wichtiger Bestandteil unserer Interessensgemeinschaft.<\/p>\n<p>Der  MIT Ortsverband Eichenzell konnte zur Werksbesichtigung der Paul Wiegand GmbH am<br \/>\n04. April 2016  Mitglieder verschiedener Ortsverb\u00e4nde und G\u00e4ste  begr\u00fc\u00dfen und bei der F\u00fchrung durch das Unternehmen erfahren, was f\u00fcr ein innovativer Betrieb sich  im Jahr 2013 in unserer Gemeinde angesiedelt hat.<\/p>\n<p>Seit \u00fcber 20 Jahren ist die Paul Wiegand GmbH der anerkannte Ersatzteilspezialist f\u00fcr Entsorgungsfahrzeuge und Kehrmaschinen. Deutschland- und europaweit setzen mehr als 2.500 Kunden auf Produktqualit\u00e4t, Beratungskompetenz und maximale Verf\u00fcgbarkeit.<br \/>\n\u00c2\u00a0<br \/>\nPaul Wiegand ist der Lieferant f\u00fcr qualit\u00e4tsgleiche Ersatzteile, Zubeh\u00f6r und Verschlei\u00dfteile f\u00fcr Entsorgungsfahrzeuge, Kehrmaschinen und Aufbauten. <\/p>\n<p>Im Fokus stehen der zuverl\u00e4ssige 24-Stunden-Lieferservice, ein am Kunden orientiertes Servicekonzept und das europaweit beinahe einmalige Produktangebot. Der Wert von Ersatzteilen liegt in ihrer Verf\u00fcgbarkeit. Das gilt sowohl f\u00fcr komplette Baugruppen als auch f\u00fcr spezielle Klein-und Einzelteile. Die Firma Paul Wiegand setzt im Interesse Ihrer Kunden auf kurze Wege, ein effizientes Pr\u00e4senzlagerkonzept und eine ausgefeilte Gesamtlogistik. Mit fast 30.000 permanent verf\u00fcgbaren Ersatzteilen f\u00fcr alle europaweit g\u00e4ngigen Fahrzeug- und Anlagentypen bietet Paul Wiegand seinen Kunden auf diese Weise ein Maximum an Funktionssicherheit.<br \/>\n\u00c2\u00a0<br \/>\nMit nur einer Bestellung bei nur einem Lieferanten bekommen die Kunden von Paul Wiegand Defekte schnell und zuverl\u00e4ssig in den Griff. Vom einfachen Bolzen bis hin zu komplexen Baugruppen bei Paul Wiegand sind jederzeit die 30.000 qualit\u00e4tsgleichen Ersatzteile permanent verf\u00fcgbar. So sparen Sie zeitaufwendige Anfragen bei verschiedenen Herstellern und Lieferanten. Und selbst, wenn einmal ein Teil nicht direkt verf\u00fcgbar ist Paul Wiegand beschafft es und sorgt daf\u00fcr, dass es auf dem schnellsten Weg direkt zu seinem Bestimmungsort gelangt.<\/p>\n<p>Technische Beratung wird im Hause Paul Wiegand gro\u00df geschrieben und bei der Besichtigung  konnten wir uns des Eindrucks nicht erwehren, dass dieses Unternehmen ein sehr gut durchorganisierter Dienstleister in unserer Gemeinde ist. Die 45 Mitarbeiter leisten hervorragende Arbeit und der der Standort Eichenzell-Kerzell bietet den idealen Point f\u00fcr Logistische H\u00f6chstleistungen.  <\/p>\n<p>\u00c2\u00a0\u201eF\u00fcr uns bedeutet Kundenorientierung, n\u00e4her am Kunden zu sein als unsere Mitbewerber. Im pers\u00f6nlichen Kontakt von Mensch zu Mensch sehen wir unsere St\u00e4rken, die in individueller Flexibilit\u00e4t, Improvisationsf\u00e4higkeit und dem Verst\u00e4ndnis f\u00fcr die hart umk\u00e4mpfte Branche unserer Kunden zum Ausdruck kommen.\u201c Ottmar Rauch, Gesch\u00e4ftsf\u00fchrer<\/p>\n","protected":false},"excerpt":{"rendered":"<div class=\"tmnf_excerpt\"><p>Die Mittelstands- und Wirtschaftsvereinigung der CDU\/CSU mit \u00fcber 40.000 Mitgliedern und Sympathisanten ist die gr\u00f6\u00dfte mittelstandspolitische Vereinigung in ganz Deutschland. MIT-Mitglieder geh\u00f6ren einer starken Gemeinschaft an, die auf Allen politschen Ebenen von der Kommune bis hin zum Bund und Europa Geh\u00f6r sucht und findet. Mittelst\u00e4ndler unterst\u00fctzen Mittelst\u00e4ndler durch Kontakte und Verbindungen. Als direkte Interessenvertretung des &hellip;<\/p>\n<\/div>","protected":false},"author":1,"featured_media":150154,"comment_status":"closed","ping_status":"closed","sticky":false,"template":"","format":"standard","meta":{"footnotes":""},"categories":[1],"tags":[],"class_list":["post-150147","post","type-post","status-publish","format-standard","has-post-thumbnail","hentry","category-startseite"],"_links":{"self":[{"href":"https:\/\/www.fuldaernachrichten.de\/index.php?rest_route=\/wp\/v2\/posts\/150147","targetHints":{"allow":["GET"]}}],"collection":[{"href":"https:\/\/www.fuldaernachrichten.de\/index.php?rest_route=\/wp\/v2\/posts"}],"about":[{"href":"https:\/\/www.fuldaernachrichten.de\/index.php?rest_route=\/wp\/v2\/types\/post"}],"author":[{"embeddable":true,"href":"https:\/\/www.fuldaernachrichten.de\/index.php?rest_route=\/wp\/v2\/users\/1"}],"replies":[{"embeddable":true,"href":"https:\/\/www.fuldaernachrichten.de\/index.php?rest_route=%2Fwp%2Fv2%2Fcomments&post=150147"}],"version-history":[{"count":1,"href":"https:\/\/www.fuldaernachrichten.de\/index.php?rest_route=\/wp\/v2\/posts\/150147\/revisions"}],"predecessor-version":[{"id":150155,"href":"https:\/\/www.fuldaernachrichten.de\/index.php?rest_route=\/wp\/v2\/posts\/150147\/revisions\/150155"}],"wp:featuredmedia":[{"embeddable":true,"href":"https:\/\/www.fuldaernachrichten.de\/index.php?rest_route=\/wp\/v2\/media\/150154"}],"wp:attachment":[{"href":"https:\/\/www.fuldaernachrichten.de\/index.php?rest_route=%2Fwp%2Fv2%2Fmedia&parent=150147"}],"wp:term":[{"taxonomy":"category","embeddable":true,"href":"https:\/\/www.fuldaernachrichten.de\/index.php?rest_route=%2Fwp%2Fv2%2Fcategories&post=150147"},{"taxonomy":"post_tag","embeddable":true,"href":"https:\/\/www.fuldaernachrichten.de\/index.php?rest_route=%2Fwp%2Fv2%2Ftags&post=150147"}],"curies":[{"name":"wp","href":"https:\/\/api.w.org\/{rel}","templated":true}]}}