{"id":150146,"date":"2016-04-14T08:34:40","date_gmt":"2016-04-14T06:34:40","guid":{"rendered":"http:\/\/www.fuldaer-nachrichten.de\/?p=150146"},"modified":"2016-04-14T08:34:40","modified_gmt":"2016-04-14T06:34:40","slug":"manfred-gruber-ich-und-kaminski-die-bilder-zum-film-ausstellung-im-kapitelsaal-museum-bad-hersfeld","status":"publish","type":"post","link":"https:\/\/www.fuldaernachrichten.de\/?p=150146","title":{"rendered":"Manfred Gruber \u201eIch und Kaminski\u201c \u2013 DIE BILDER ZUM FILM  Ausstellung im Kapitelsaal (Museum Bad Hersfeld)"},"content":{"rendered":"<p>Im Kapitelsaal des Museums Bad Hersfeld wird vom 22. April bis 12. Juni die Ausstellung Manfred Gruber \u2013 \u201eIch und Kaminski\u201c \u2013 DIE BILDER ZUM FILM gezeigt. Bilder, die er f\u00fcr den Kinofilm gemalt hat, begleitet von einer Videoinstallation mit Ausschnitten aus dem Kinofilm \u201eIch und Kaminski\u201c, in dem die Bilder von Manfred Gruber zu sehen sind.<\/p>\n<p>\u201eIch und Kaminski\u201c ist ein Roman von Daniel Kehlmann. 2003 erschienen, gelang dem inzwischen weltber\u00fchmten Autor damit der internationale Durchbruch. Die Verfilmung seines Romans durch den Regisseur Wolfgang Becker (\u201eGood bye, Lenin!\u201c) kam im Herbst 2015 in die deutschen Kinos.<\/p>\n<p>Der Regisseur des Films, Wolfgang Becker (\u201eGood bye Lenin\u201c) wird pers\u00f6nlich zur Ausstellungser\u00f6ffnung nach Bad Hersfeld kommen und die Einf\u00fchrung \u00fcbernehmen.<\/p>\n<p>Das Cineplex-Kino in Bad Hersfeld zeigt anl\u00e4sslich der Ausstellung den Kinofilm \u201eIch und Kaminski\u201c mit den Bildern von Manfred Gruber am 21. April 2016 erneut. Hier steht der K\u00fcnstler gerne f\u00fcr ein Gespr\u00e4ch nach dem Film zur Verf\u00fcgung.<\/p>\n<p>Roman wie Kinofilm erz\u00e4hlen die Geschichte des einst bedeutenden Malers Manuel Kaminski: Er war befreundet mit Picasso und Sch\u00fcler von Henry Matisse. Als alter Mann ist Kaminski in Vergessenheit geraten, er hat aufgeh\u00f6rt zu malen und ist vermutlich erblindet. H\u00f6hepunkt im Roman wie im Film ist die Entdeckung bislang v\u00f6llig unbekannter Kaminski-Gem\u00e4lde: Die \u201eBlinde Serie\u201c hat er offenbar inmitten seiner zunehmenden Erblindung gemalt. Eine Sensation!<\/p>\n<p>Manuel Kaminski ist eine Erfindung Kehlmanns. F\u00fcr den Film \u00fcber einen fiktiven Maler brauchte es unz\u00e4hlige Gem\u00e4lde, ein \u00c5\u2019uvre, das Lebenswerk des K\u00fcnstlers.<\/p>\n<p>Gruber hat insgesamt rund 350 Bilder f\u00fcr den Film \u201eIch und Kaminski\u201c geschaffen, von der kleinsten Bleistiftskizze \u201eaus der Hand Kaminskis\u201c \u00fcber Tuschzeichnungen und Aquarelle bis hin zu gro\u00dfformatigen Acrylund \u00d6lgem\u00e4lden. Eine Auswahl der besten Bilder wurde anl\u00e4sslich der Kinopremiere im Herbst 2015 im BIKINI Berlin gezeigt. Rund 4.000 Besucherinnen und Besucher haben sie gesehen und eindrucksvolle Kommentare im G\u00e4stebuch hinterlassen.<\/p>\n<p>Manfred Gruber, ein echter \u201eHerschfeller Jung\u201c \u2013 langj\u00e4hriger Ausstattungsleiter und Chefb\u00fchnenbildner der Bad Hersfelder Festspiele (1978 bis 1986) \u2013 kehrt mit einer umfangreichen Ausstellung nach Bad Hersfeld zur\u00fcck. Dort aufgewachsen, ist er Bad Hersfeld immer treu geblieben.<\/p>\n<p>Manfred Gruber freut sich darauf, die Kaminski-Bilder in seiner Heimatstadt auszustellen: \u201eBad Hersfeld bedeutet f\u00fcr mich Kindheit und Jugend, gute Freunde, eine gro\u00dfartige Zeit bei den Festspielen und zahllose B\u00fchnenbilder in der Ruine. Ich kann mir keinen sch\u00f6neren Ort f\u00fcr meine Bilder vorstellen als den wunderbaren Kapitelsaal nahe der Stiftsruine.\u201c<\/p>\n","protected":false},"excerpt":{"rendered":"<div class=\"tmnf_excerpt\"><p>Im Kapitelsaal des Museums Bad Hersfeld wird vom 22. April bis 12. Juni die Ausstellung Manfred Gruber \u2013 \u201eIch und Kaminski\u201c \u2013 DIE BILDER ZUM FILM gezeigt. Bilder, die er f\u00fcr den Kinofilm gemalt hat, begleitet von einer Videoinstallation mit Ausschnitten aus dem Kinofilm \u201eIch und Kaminski\u201c, in dem die Bilder von Manfred Gruber zu &hellip;<\/p>\n<\/div>","protected":false},"author":1,"featured_media":150152,"comment_status":"closed","ping_status":"closed","sticky":false,"template":"","format":"standard","meta":{"footnotes":""},"categories":[1],"tags":[],"class_list":["post-150146","post","type-post","status-publish","format-standard","has-post-thumbnail","hentry","category-startseite"],"_links":{"self":[{"href":"https:\/\/www.fuldaernachrichten.de\/index.php?rest_route=\/wp\/v2\/posts\/150146","targetHints":{"allow":["GET"]}}],"collection":[{"href":"https:\/\/www.fuldaernachrichten.de\/index.php?rest_route=\/wp\/v2\/posts"}],"about":[{"href":"https:\/\/www.fuldaernachrichten.de\/index.php?rest_route=\/wp\/v2\/types\/post"}],"author":[{"embeddable":true,"href":"https:\/\/www.fuldaernachrichten.de\/index.php?rest_route=\/wp\/v2\/users\/1"}],"replies":[{"embeddable":true,"href":"https:\/\/www.fuldaernachrichten.de\/index.php?rest_route=%2Fwp%2Fv2%2Fcomments&post=150146"}],"version-history":[{"count":1,"href":"https:\/\/www.fuldaernachrichten.de\/index.php?rest_route=\/wp\/v2\/posts\/150146\/revisions"}],"predecessor-version":[{"id":150153,"href":"https:\/\/www.fuldaernachrichten.de\/index.php?rest_route=\/wp\/v2\/posts\/150146\/revisions\/150153"}],"wp:featuredmedia":[{"embeddable":true,"href":"https:\/\/www.fuldaernachrichten.de\/index.php?rest_route=\/wp\/v2\/media\/150152"}],"wp:attachment":[{"href":"https:\/\/www.fuldaernachrichten.de\/index.php?rest_route=%2Fwp%2Fv2%2Fmedia&parent=150146"}],"wp:term":[{"taxonomy":"category","embeddable":true,"href":"https:\/\/www.fuldaernachrichten.de\/index.php?rest_route=%2Fwp%2Fv2%2Fcategories&post=150146"},{"taxonomy":"post_tag","embeddable":true,"href":"https:\/\/www.fuldaernachrichten.de\/index.php?rest_route=%2Fwp%2Fv2%2Ftags&post=150146"}],"curies":[{"name":"wp","href":"https:\/\/api.w.org\/{rel}","templated":true}]}}