{"id":150145,"date":"2016-04-14T08:33:48","date_gmt":"2016-04-14T06:33:48","guid":{"rendered":"http:\/\/www.fuldaer-nachrichten.de\/?p=150145"},"modified":"2016-04-14T08:33:48","modified_gmt":"2016-04-14T06:33:48","slug":"besichtigung-des-neuen-awo-seniorenwohn-und-pflegezentrum-petersberg-2","status":"publish","type":"post","link":"https:\/\/www.fuldaernachrichten.de\/?p=150145","title":{"rendered":"Besichtigung des neuen AWO-Seniorenwohn- und Pflegezentrum Petersberg"},"content":{"rendered":"<p>Das Seniorenwohn- und Pflegezentrum der Arbeiterwohlfahrt in Petersberg wurde 2015 er\u00f6ffnet. Bei einem Rundgang lernen Sie das Haus kennen und anschlie\u00dfend steht der Leiter Frank Fladung f\u00fcr die Beantwortung von Fragen zur Verf\u00fcgung. Die kostenlose F\u00fchrung beginnt Donnerstag, 21. April, um 14:30 Uhr am Eingang des Pflegezentrums, Alte Ziegelei in Petersberg. Eine Anmeldung unter Telefon 480368-0 erleichtert die Planung.<\/p>\n<p>Die Einrichtung erreichen Sie mit der Buslinie 8, Haltestelle \u201eAlte Ziegelei\u201c oder Buslinie 9A, Haltestelle \u201eSt. Johannes-Kirche\u201c und dann ca. 10 Minuten Fu\u00dfweg.<\/p>\n","protected":false},"excerpt":{"rendered":"<div class=\"tmnf_excerpt\"><p>Das Seniorenwohn- und Pflegezentrum der Arbeiterwohlfahrt in Petersberg wurde 2015 er\u00f6ffnet. Bei einem Rundgang lernen Sie das Haus kennen und anschlie\u00dfend steht der Leiter Frank Fladung f\u00fcr die Beantwortung von Fragen zur Verf\u00fcgung. Die kostenlose F\u00fchrung beginnt Donnerstag, 21. April, um 14:30 Uhr am Eingang des Pflegezentrums, Alte Ziegelei in Petersberg. Eine Anmeldung unter Telefon &hellip;<\/p>\n<\/div>","protected":false},"author":1,"featured_media":0,"comment_status":"closed","ping_status":"closed","sticky":false,"template":"","format":"standard","meta":{"footnotes":""},"categories":[1],"tags":[],"class_list":["post-150145","post","type-post","status-publish","format-standard","hentry","category-startseite"],"_links":{"self":[{"href":"https:\/\/www.fuldaernachrichten.de\/index.php?rest_route=\/wp\/v2\/posts\/150145","targetHints":{"allow":["GET"]}}],"collection":[{"href":"https:\/\/www.fuldaernachrichten.de\/index.php?rest_route=\/wp\/v2\/posts"}],"about":[{"href":"https:\/\/www.fuldaernachrichten.de\/index.php?rest_route=\/wp\/v2\/types\/post"}],"author":[{"embeddable":true,"href":"https:\/\/www.fuldaernachrichten.de\/index.php?rest_route=\/wp\/v2\/users\/1"}],"replies":[{"embeddable":true,"href":"https:\/\/www.fuldaernachrichten.de\/index.php?rest_route=%2Fwp%2Fv2%2Fcomments&post=150145"}],"version-history":[{"count":1,"href":"https:\/\/www.fuldaernachrichten.de\/index.php?rest_route=\/wp\/v2\/posts\/150145\/revisions"}],"predecessor-version":[{"id":150150,"href":"https:\/\/www.fuldaernachrichten.de\/index.php?rest_route=\/wp\/v2\/posts\/150145\/revisions\/150150"}],"wp:attachment":[{"href":"https:\/\/www.fuldaernachrichten.de\/index.php?rest_route=%2Fwp%2Fv2%2Fmedia&parent=150145"}],"wp:term":[{"taxonomy":"category","embeddable":true,"href":"https:\/\/www.fuldaernachrichten.de\/index.php?rest_route=%2Fwp%2Fv2%2Fcategories&post=150145"},{"taxonomy":"post_tag","embeddable":true,"href":"https:\/\/www.fuldaernachrichten.de\/index.php?rest_route=%2Fwp%2Fv2%2Ftags&post=150145"}],"curies":[{"name":"wp","href":"https:\/\/api.w.org\/{rel}","templated":true}]}}