{"id":150119,"date":"2016-04-13T07:42:25","date_gmt":"2016-04-13T05:42:25","guid":{"rendered":"http:\/\/www.fuldaer-nachrichten.de\/?p=150119"},"modified":"2016-04-13T07:42:25","modified_gmt":"2016-04-13T05:42:25","slug":"vorstellung-der-sonderregelung-fuer-seniorinnen-und-senioren-in-der-feuerwehr","status":"publish","type":"post","link":"https:\/\/www.fuldaernachrichten.de\/?p=150119","title":{"rendered":"Vorstellung der Sonderregelung f\u00fcr Seniorinnen und Senioren in der Feuerwehr"},"content":{"rendered":"<p>In Hessen gibt es eine neue Sonderregelung f\u00fcr Seniorinnen und Senioren in der Feuerwehr. Sie sieht insbesondere vor, dass Feuerwehrangeh\u00f6rige, die altersbedingt nicht mehr am Einsatzdienst teilnehmen d\u00fcrfen oder aus anderen Gr\u00fcnden nicht mehr k\u00f6nnen, weiterhin der Feuerwehr f\u00fcr andere T\u00e4tigkeiten zur Verf\u00fcgung stehen k\u00f6nnen.<\/p>\n<p>\u201eIch bin froh, dass wir gemeinsam mit dem Landesfeuerwehrverband Hessen und der Unfallkasse Hessen diese Sonderregelung gefunden haben. Dabei kommt es uns darauf an, dass die Feuerwehrangeh\u00f6rigen bei den beschriebenen T\u00e4tigkeiten ohne Einschr\u00e4nkungen gesetzlich unfallversichert sind und ihnen sp\u00e4ter keine Nachteile entstehen. Deshalb geht mein besonderer Dank an die Unfallkasse Hessen, die diesen Unfallversicherungsschutz \u00fcbernimmt\u201c, erkl\u00e4rte Werner Koch, Staatssekret\u00e4r im Hessischen Innenministerium.<\/p>\n<p>Koch stellte die neue Sonderregelung heute gemeinsam mit Wolfgang Reinhardt, Vizepr\u00e4sident des Landesfeuerwehrverbandes Hessen, und Bernd Fuhrl\u00e4nder, Gesch\u00e4ftsf\u00fchrer der Unfallkasse Hessen, im Feuerwehrhaus der Freiwilligen Feuerwehr Bad Homburg vor.<\/p>\n<p>\u201eSelbstverst\u00e4ndlich stellen wir f\u00fcr die Aufgaben und T\u00e4tigkeiten im Rahmen dieser Sonderregelung auch den gesetzlichen Unfallversicherungsschutz inklusive unserer Mehrleistungen f\u00fcr Feuerwehrangeh\u00f6rige sicher\u201c, erg\u00e4nzte der Gesch\u00e4ftsf\u00fchrer der Unfallkasse Hessen, Bernd Fuhrl\u00e4nder.<\/p>\n<p>\u201eSei es bei der Brandschutzerziehung, der Ger\u00e4tewartung oder der Ausbildung: Auch nach dem \u00dcbertritt in die Ehren- und Altersabteilung sind die langj\u00e4hrig gesammelten Erfahrungen und das gro\u00dfe Wissen der Feuerwehrfrauen und -m\u00e4nner gefragt. Sie k\u00f6nnen und sollen weiterhin die Feuerwehr bereichern. Daf\u00fcr haben wir die Sonderregelung in Hessen geschaffen\u201c, sagte der Innenstaatssekret\u00e4r.<\/p>\n<p>Diese Aufgaben und T\u00e4tigkeiten k\u00f6nnen die Feuerwehrangeh\u00f6rigen der Ehren- und Altersabteilung auf eigenen Antrag freiwillig und ehrenamtlich \u00fcbernehmen. \u201eSie sind fachlich noch am \u00e2\u20ac\u0161Puls der Zeit\u00e2\u20ac\u02dc und haben gleichzeitig den notwendigen zeitlichen Freiraum\u201c, so Koch. Die Wahrnehmung der Aufgaben und T\u00e4tigkeiten erfolgt mit Genehmigung des Magistrats oder des Gemeindevorstandes in Abstimmung mit der Leitung der Feuerwehr.<\/p>\n<p>\u201eDie Einsatzm\u00f6glichkeiten aktiver Seniorinnen und Senioren sind durch die  vorhandenen Erfahrungen und das Wissen eine wertvolle Unterst\u00fctzung bei den vielf\u00e4ltigsten Feuerwehrt\u00e4tigkeiten.  In Zeiten des demografischen Wandels geht es zudem darum, diese wertvollen Kompetenzen zu nutzen, zumal diese Personengruppe noch l\u00e4ngst nicht \u00c2\u00b4zum alten Eisen\u00c2\u00b4 geh\u00f6rt\u201c, erkl\u00e4rte Wolfgang Reinhardt, Vizepr\u00e4sident des Landesfeuerwehrverbandes Hessen.<\/p>\n<p>Wie die sinnvolle Einbindung von Seniorinnen und Senioren bei der Feuerwehr aussieht, schaute sich der Staatssekret\u00e4r gleich vor Ort am konkreten Beispiel an. Er nahm an der Brandschutzerziehung f\u00fcr 15 Kinder eines Bad Homburger Kindergartens teil. Dabei kl\u00e4rte Peter Hilfinger, Feuerwehrangeh\u00f6riger der Ehren- und Altersabteilung bei der Freiwilligen Feuerwehr Bad Homburg, den Kindern, auf was es ankommt, wenn es brennt.<\/p>\n<p>\u201eAllein dieser Vortrag \u00fcber die Brandschutzerziehung f\u00fcr Kinder macht deutlich, dass unsere Sonderreglung eine richtige und zukunftsorientierte Entscheidung f\u00fcr die hessischen Feuerwehren ist\u201c, betonte Staatssekret\u00e4r Koch.<\/p>\n<p>Vorgestellt wurde auch der neue Flyer \u201eVielf\u00e4ltig aktiv \u2013 Senioren in der Feuerwehr\u201c. Darin wird die Sonderreglung zusammengefasst und es werden alle wichtigen Hinweise, Aufgaben- und T\u00e4tigkeitsbeschreibungen sowie der Unfallversicherungsschutz aufgef\u00fchrt.<\/p>\n","protected":false},"excerpt":{"rendered":"<div class=\"tmnf_excerpt\"><p>In Hessen gibt es eine neue Sonderregelung f\u00fcr Seniorinnen und Senioren in der Feuerwehr. Sie sieht insbesondere vor, dass Feuerwehrangeh\u00f6rige, die altersbedingt nicht mehr am Einsatzdienst teilnehmen d\u00fcrfen oder aus anderen Gr\u00fcnden nicht mehr k\u00f6nnen, weiterhin der Feuerwehr f\u00fcr andere T\u00e4tigkeiten zur Verf\u00fcgung stehen k\u00f6nnen. \u201eIch bin froh, dass wir gemeinsam mit dem Landesfeuerwehrverband Hessen &hellip;<\/p>\n<\/div>","protected":false},"author":1,"featured_media":0,"comment_status":"closed","ping_status":"closed","sticky":false,"template":"","format":"standard","meta":{"footnotes":""},"categories":[71],"tags":[],"class_list":["post-150119","post","type-post","status-publish","format-standard","hentry","category-feuerwehr"],"_links":{"self":[{"href":"https:\/\/www.fuldaernachrichten.de\/index.php?rest_route=\/wp\/v2\/posts\/150119","targetHints":{"allow":["GET"]}}],"collection":[{"href":"https:\/\/www.fuldaernachrichten.de\/index.php?rest_route=\/wp\/v2\/posts"}],"about":[{"href":"https:\/\/www.fuldaernachrichten.de\/index.php?rest_route=\/wp\/v2\/types\/post"}],"author":[{"embeddable":true,"href":"https:\/\/www.fuldaernachrichten.de\/index.php?rest_route=\/wp\/v2\/users\/1"}],"replies":[{"embeddable":true,"href":"https:\/\/www.fuldaernachrichten.de\/index.php?rest_route=%2Fwp%2Fv2%2Fcomments&post=150119"}],"version-history":[{"count":1,"href":"https:\/\/www.fuldaernachrichten.de\/index.php?rest_route=\/wp\/v2\/posts\/150119\/revisions"}],"predecessor-version":[{"id":150123,"href":"https:\/\/www.fuldaernachrichten.de\/index.php?rest_route=\/wp\/v2\/posts\/150119\/revisions\/150123"}],"wp:attachment":[{"href":"https:\/\/www.fuldaernachrichten.de\/index.php?rest_route=%2Fwp%2Fv2%2Fmedia&parent=150119"}],"wp:term":[{"taxonomy":"category","embeddable":true,"href":"https:\/\/www.fuldaernachrichten.de\/index.php?rest_route=%2Fwp%2Fv2%2Fcategories&post=150119"},{"taxonomy":"post_tag","embeddable":true,"href":"https:\/\/www.fuldaernachrichten.de\/index.php?rest_route=%2Fwp%2Fv2%2Ftags&post=150119"}],"curies":[{"name":"wp","href":"https:\/\/api.w.org\/{rel}","templated":true}]}}