{"id":150089,"date":"2016-04-11T18:13:18","date_gmt":"2016-04-11T16:13:18","guid":{"rendered":"http:\/\/www.fuldaer-nachrichten.de\/?p=150089"},"modified":"2016-04-11T18:13:18","modified_gmt":"2016-04-11T16:13:18","slug":"ratgeber-der-verbraucherzentralen-gibt-tipps-wie-sich-die-%e2%80%a8laestigen-pilze-vertreiben-lassen","status":"publish","type":"post","link":"https:\/\/www.fuldaernachrichten.de\/?p=150089","title":{"rendered":"Ratgeber der Verbraucherzentralen gibt Tipps, wie sich die \u00e2\u20ac\u00a8l\u00e4stigen Pilze vertreiben lassen"},"content":{"rendered":"<p>Schimmel \u00e4rgert nicht nur Mieter und Vermieter. Schimmelpilze k\u00f6nnen Sch\u00e4den am Mauerwerk verursachen, sich negativ auf das Raumklima auswirken oder die Gesundheit der Bewohner beeintr\u00e4chtigen. Hilfe bei der Vermeidung oder der Bek\u00e4mpfung von Schimmelpilzen bietet der im Februar 2016 erschienene Ratgeber \u201eFeuchtigkeit und Schimmelbildung\u201c.<\/p>\n<p>Der Ratgeber informiert umfassend und praxisorientiert \u00fcber das Problem Schimmel und kl\u00e4rt auf, wie man diesen in der Wohnung vermeiden kann oder was man tun muss, wenn der Schimmel sich bereits ausbreitet. Dabei geht der Ratgeber sowohl auf die Ursachen der Schimmelbildung als auch auf gesundheitliche Beeintr\u00e4chtigungen infolge von Schimmelbefall ein. Er erkl\u00e4rt in einfachen Schritten, was Mieter und Eigent\u00fcmer bei Schimmelbefall zun\u00e4chst selbst tun k\u00f6nnen, wann Fachleute eingeschaltet werden m\u00fcssen und woran man einen guten Sachverst\u00e4ndigen erkennt. <\/p>\n<p>Auch auf die rechtlichen Aspekte im Zusammenhang mit Schimmelbefall geht der Ratgeber ein. Dabei beschr\u00e4nkt er sich nicht nur auf mietrechtliche Fragestellungen, sondern beleuchtet auch Fragen des Baurechts, des Arbeitsrechts und rechtliche Fragen im Zusammenhang mit dem Erwerb von Immobilien.<br \/>\nDen Ratgeber \u201eFeuchtigkeit und Schimmelbildung\u201c gibt es zum Abholpreis von 14,90 \u00e2\u201a\u00ac in der Verbraucherzentrale Hessen, Beratungsstelle Fulda, Karlstr. 2. F\u00fcr zus\u00e4tzlich 2,50 \u00e2\u201a\u00ac bei Einzelversand, also f\u00fcr insgesamt 17,40 \u00e2\u201a\u00ac, kommt er \u2013 mit Rechnung \u2013 auch ins Haus.<\/p>\n<p>Bestellungen an: Versandservice der Verbraucherzentralen,<br \/>\nHimmelgeister Str. 70, 40225 D\u00fcsseldorf<br \/>\nBestell-Telefon: (0211) 38 09 &#8211; 555,\tBestell-Fax: (0211) 38 09 &#8211; 235<br \/>\nE-Mail: ratgeber@vz-nrw.de <\/p>\n<p>Erg\u00e4nzende Informationen f\u00fcr Verbraucher:<\/p>\n<p>Energie-Einsparberatung in allen Beratungsstellen und \u00fcber 40 Energiest\u00fctzpunkten: Termine und Informationen \u00fcber den n\u00e4chstgelegenen Energieberatungsst\u00fctzpunkt am hessenweiten Servicetelefon oder \u00fcber das Internet: www.verbraucher.de und www.verbraucherzentrale-energieberatung.de <\/p>\n<p>Die Energie-Checks f\u00fcr Mieter, Eigent\u00fcmer und Besitzer von Brennwert-Heizungen bieten einen fundierten \u00dcberblick \u00fcber den eigenen Energieverbrauch und m\u00f6gliche Sparpotenziale. Nach telefonischer Terminvereinbarung unter 0800 &#8211; 809 802 400 (kostenfrei) finden ein bis zwei Vor-Ort-Termine statt. Je nach Check belaufen sich die Kosten auf 10 bis maximal 40 Euro.<\/p>\n<p>Energieberatung \u2013 telefonisch und online: Mieter und private Hauseigent\u00fcmer haben die M\u00f6glichkeit, \u00fcber die bundesweit geschaltete Rufnummer 0800 \u2013 809 802 400 (kostenfrei) direkt den Draht zur anbieterunabh\u00e4ngigen Energieberatung zu nutzen: montags bis donnerstags von 8 bis 18 Uhr und freitags von 8 bis 16 Uhr.\u00e2\u20ac\u00a8Ebenfalls kostenlos ist die schriftliche Kurzberatung durch Einloggen unter www.verbraucherzentrale-energieberatung.de. Nach Erhalt einer Best\u00e4tigungsmail wird der Zugang zum Online-Beratungsdialog freigeschaltet.<\/p>\n<p>Hessenweites Servicetelefon (069) 972010 &#8211; 900. Informationen \u00fcber alle Beratungs- und Seminarangebote sowie die \u00d6ffnungszeiten der Beratungsstellen der Verbraucherzentrale Hessen; Terminvereinbarung m\u00f6glich. Keine Beratung! <\/p>\n","protected":false},"excerpt":{"rendered":"<div class=\"tmnf_excerpt\"><p>Schimmel \u00e4rgert nicht nur Mieter und Vermieter. Schimmelpilze k\u00f6nnen Sch\u00e4den am Mauerwerk verursachen, sich negativ auf das Raumklima auswirken oder die Gesundheit der Bewohner beeintr\u00e4chtigen. Hilfe bei der Vermeidung oder der Bek\u00e4mpfung von Schimmelpilzen bietet der im Februar 2016 erschienene Ratgeber \u201eFeuchtigkeit und Schimmelbildung\u201c. Der Ratgeber informiert umfassend und praxisorientiert \u00fcber das Problem Schimmel und &hellip;<\/p>\n<\/div>","protected":false},"author":1,"featured_media":0,"comment_status":"closed","ping_status":"closed","sticky":false,"template":"","format":"standard","meta":{"footnotes":""},"categories":[1],"tags":[],"class_list":["post-150089","post","type-post","status-publish","format-standard","hentry","category-startseite"],"_links":{"self":[{"href":"https:\/\/www.fuldaernachrichten.de\/index.php?rest_route=\/wp\/v2\/posts\/150089","targetHints":{"allow":["GET"]}}],"collection":[{"href":"https:\/\/www.fuldaernachrichten.de\/index.php?rest_route=\/wp\/v2\/posts"}],"about":[{"href":"https:\/\/www.fuldaernachrichten.de\/index.php?rest_route=\/wp\/v2\/types\/post"}],"author":[{"embeddable":true,"href":"https:\/\/www.fuldaernachrichten.de\/index.php?rest_route=\/wp\/v2\/users\/1"}],"replies":[{"embeddable":true,"href":"https:\/\/www.fuldaernachrichten.de\/index.php?rest_route=%2Fwp%2Fv2%2Fcomments&post=150089"}],"version-history":[{"count":1,"href":"https:\/\/www.fuldaernachrichten.de\/index.php?rest_route=\/wp\/v2\/posts\/150089\/revisions"}],"predecessor-version":[{"id":150093,"href":"https:\/\/www.fuldaernachrichten.de\/index.php?rest_route=\/wp\/v2\/posts\/150089\/revisions\/150093"}],"wp:attachment":[{"href":"https:\/\/www.fuldaernachrichten.de\/index.php?rest_route=%2Fwp%2Fv2%2Fmedia&parent=150089"}],"wp:term":[{"taxonomy":"category","embeddable":true,"href":"https:\/\/www.fuldaernachrichten.de\/index.php?rest_route=%2Fwp%2Fv2%2Fcategories&post=150089"},{"taxonomy":"post_tag","embeddable":true,"href":"https:\/\/www.fuldaernachrichten.de\/index.php?rest_route=%2Fwp%2Fv2%2Ftags&post=150089"}],"curies":[{"name":"wp","href":"https:\/\/api.w.org\/{rel}","templated":true}]}}