{"id":150086,"date":"2016-04-11T11:38:13","date_gmt":"2016-04-11T09:38:13","guid":{"rendered":"http:\/\/www.fuldaer-nachrichten.de\/?p=150086"},"modified":"2016-04-11T11:38:13","modified_gmt":"2016-04-11T09:38:13","slug":"gerhard-bub-feiert-am-12-april-seinen-60-geburtstag","status":"publish","type":"post","link":"https:\/\/www.fuldaernachrichten.de\/?p=150086","title":{"rendered":"Gerhard Bub feiert am 12. April seinen 60. Geburtstag"},"content":{"rendered":"<p>Am 12. April feiert Gerhard Bub seinen 60. Geburtstag. Der Verkaufsleiter von F\u00f6rstina Sprudel ist Ur-Welkerser und dank seiner Wurzeln in der Region vielf\u00e4ltig vernetzt und ehrenamtlich engagiert. Mit ihm feiern viele Freunde und Bekannte, Weggef\u00e4hrten, Gesch\u00e4ftspartner und nat\u00fcrlich seine Frau Monika, die beiden erwachsenen T\u00f6chter mit Ehem\u00e4nnern und drei Enkel.<\/p>\n<p>Nur unweit von seinem Heimatort Welkers entfernt begann Gerhard Bub in 1977 beim Mineralbrunnen F\u00f6rstina Sprudel in Eichenzell-L\u00fctter als LKW-Fahrer. Ende der 80er Jahre tauschte er dann den LKW gegen einen Firmenwagen und war fortan als Au\u00dfendienstler zun\u00e4chst in Bayern, vor allem in der Region N\u00fcrnberg, und sp\u00e4ter im Heimatgebiet \u201eum den Kamin\u201c des Eichenzeller Brunnenunternehmens t\u00e4tig. \u201e1997 habe ich dann Verantwortung in der Verkaufsleitung \u00fcbernommen\u201c, erkl\u00e4rt Gerhard Bub. Nach fast 40 Jahren im Unternehmen, hat Bub einige der \u201egro\u00dfen Herausforderungen\u201c der letzten Jahrzehnte, wie die Grenz\u00f6ffnung 1989, die Einf\u00fchrung der Verpackungsordnung oder den Jahrhundertsommer 2003 miterlebt. Als Verkaufsleiter ist Gerhard Bub seit vielen Jahren eines der Gesichter und K\u00f6pfe des Mineralbrunnens F\u00f6rstina Sprudel und vertritt das Unternehmen seit Anfang des Jahres nun auch als Prokurist. Zu seinem Aufgabengebiet geh\u00f6rt nicht nur der reine \u201eVerkauf und Vertrieb\u201c, sondern die Repr\u00e4sentation des Unternehmens bei vielen \u00f6ffentlichen Anl\u00e4ssen: \u201eF\u00f6rstina Sprudel ist vielf\u00e4ltig gesellschaftlich engagiert: Wir sind stolz auf unseren Standort im Herzen der Rh\u00f6n und sehen uns als Teil der Region \u2013 vor allem als Arbeitgeber, aber auch in zahlreichen Kooperationen mit heimischen Schulen, Vereinen und gemeinn\u00fctzigen Initiativen\u201c, f\u00fchrt Bub aus.<\/p>\n<p>Vielf\u00e4ltig engagiert ist Gerhard Bub auch privat: Mehr als 20 Jahre war er kommunalpolitisch t\u00e4tig, in Ortsbeirat, Gemeindevertretung sowie dem Haupt- und Finanzausschuss. Dazu viele Jahre Vorstand im F\u00f6rderkreis des Welkerser Sportvereins und der Freiwilligen Feuerwehr, dort unter anderem auch Gr\u00fcndungsmitglied der Jugendfeuerwehr, sowie mehrere Perioden im Verwaltungsrat der Kirchengemeinde. In der Fuldaer Karnevalsgesellschaft (FKG) ist der Jubilar ebenfalls seit vielen Jahren aktiv, im Vorstand als Kassierer, er wurde zum Ehrenoffizier ernannt und ist Tr\u00e4ger des Floraordens, eine der h\u00f6chsten Auszeichnungen f\u00fcr Karnevalisten. 2013\/2014 f\u00fchrte er als Pr\u00e4sident des Lions Club Fulda-Bonifatius unter dem Motto \u201eVerantwortung \u00fcbernehmen \u2013 mit Freude helfen\u201c durch sein Amtsjahr. Derzeit ist Gerhard Bub mit federf\u00fchrend im Organisationskomitee der Feierlichkeiten anl\u00e4sslich \u201e850 Jahre Welkers\u201c t\u00e4tig. <\/p>\n<p>Am 12. April feiert er seinen 60. Geburtstag. Als besonderes \u201eGeschenk\u201c wird um diesen Termin herum ein weiteres Enkelkind erwartet \u00e2\u20ac\u00a6<\/p>\n","protected":false},"excerpt":{"rendered":"<div class=\"tmnf_excerpt\"><p>Am 12. April feiert Gerhard Bub seinen 60. Geburtstag. Der Verkaufsleiter von F\u00f6rstina Sprudel ist Ur-Welkerser und dank seiner Wurzeln in der Region vielf\u00e4ltig vernetzt und ehrenamtlich engagiert. Mit ihm feiern viele Freunde und Bekannte, Weggef\u00e4hrten, Gesch\u00e4ftspartner und nat\u00fcrlich seine Frau Monika, die beiden erwachsenen T\u00f6chter mit Ehem\u00e4nnern und drei Enkel. Nur unweit von seinem &hellip;<\/p>\n<\/div>","protected":false},"author":1,"featured_media":150087,"comment_status":"closed","ping_status":"closed","sticky":false,"template":"","format":"standard","meta":{"footnotes":""},"categories":[1],"tags":[],"class_list":["post-150086","post","type-post","status-publish","format-standard","has-post-thumbnail","hentry","category-startseite"],"_links":{"self":[{"href":"https:\/\/www.fuldaernachrichten.de\/index.php?rest_route=\/wp\/v2\/posts\/150086","targetHints":{"allow":["GET"]}}],"collection":[{"href":"https:\/\/www.fuldaernachrichten.de\/index.php?rest_route=\/wp\/v2\/posts"}],"about":[{"href":"https:\/\/www.fuldaernachrichten.de\/index.php?rest_route=\/wp\/v2\/types\/post"}],"author":[{"embeddable":true,"href":"https:\/\/www.fuldaernachrichten.de\/index.php?rest_route=\/wp\/v2\/users\/1"}],"replies":[{"embeddable":true,"href":"https:\/\/www.fuldaernachrichten.de\/index.php?rest_route=%2Fwp%2Fv2%2Fcomments&post=150086"}],"version-history":[{"count":1,"href":"https:\/\/www.fuldaernachrichten.de\/index.php?rest_route=\/wp\/v2\/posts\/150086\/revisions"}],"predecessor-version":[{"id":150088,"href":"https:\/\/www.fuldaernachrichten.de\/index.php?rest_route=\/wp\/v2\/posts\/150086\/revisions\/150088"}],"wp:featuredmedia":[{"embeddable":true,"href":"https:\/\/www.fuldaernachrichten.de\/index.php?rest_route=\/wp\/v2\/media\/150087"}],"wp:attachment":[{"href":"https:\/\/www.fuldaernachrichten.de\/index.php?rest_route=%2Fwp%2Fv2%2Fmedia&parent=150086"}],"wp:term":[{"taxonomy":"category","embeddable":true,"href":"https:\/\/www.fuldaernachrichten.de\/index.php?rest_route=%2Fwp%2Fv2%2Fcategories&post=150086"},{"taxonomy":"post_tag","embeddable":true,"href":"https:\/\/www.fuldaernachrichten.de\/index.php?rest_route=%2Fwp%2Fv2%2Ftags&post=150086"}],"curies":[{"name":"wp","href":"https:\/\/api.w.org\/{rel}","templated":true}]}}