{"id":150074,"date":"2016-04-11T11:36:09","date_gmt":"2016-04-11T09:36:09","guid":{"rendered":"http:\/\/www.fuldaer-nachrichten.de\/?p=150074"},"modified":"2016-04-11T11:36:09","modified_gmt":"2016-04-11T09:36:09","slug":"der-fuldaer-tegut-saisongarten-startet-wieder-anfang-mai","status":"publish","type":"post","link":"https:\/\/www.fuldaernachrichten.de\/?p=150074","title":{"rendered":"Der Fuldaer tegut\u00e2\u20ac\u00a6 Saisongarten startet wieder Anfang Mai"},"content":{"rendered":"<p>Die Gartensaison im tegut\u00e2\u20ac\u00a6Saisongarten wird am 01.Mai 2016 er\u00f6ffnet. Dann werden 62 Gem\u00fcse- Parzellen ihren neuen G\u00e4rtnern \u00fcberreicht.<\/p>\n<p>Frisches Gem\u00fcse direkt aus dem Garten ist nicht mehr nur der Landbev\u00f6lkerung vorbehalten. Gerade St\u00e4dter wollen in den Garten, sofern sie einen haben. Wer nicht Schrebergartenbesitzer oder (Vor) Stadtgarteninhaber ist, kann trotzdem zupfen, s\u00e4en und ernten. Denn im tegut\u00e2\u20ac\u00a6 Saisongarten in Fulda finden Stadtg\u00e4rtner ohne eigenen Garten ihr Gartengl\u00fcck. Am Standort Mackenrodtstra\u00dfe nahe der tegut\u00e2\u20ac\u00a6 Zentrale, werden dieses Jahr 62 Parzellen angelegt. In jeder Parzelle werden  ca. 25 verschiedene Gem\u00fcsekulturen vorab ges\u00e4t und gepflanzt bevor die Parzellen offiziell am 01.05.2016 \u00fcbergeben werden. \u201eAuch essbare Blumen, wie die Ringelblume und Kr\u00e4uter wie Basilikum und Petersilie, sind dabei\u201c, erkl\u00e4rt Stefanie Krecek. \u201eDas Saatgut f\u00fcr Fulda beziehen wir von der Bingenheimer Saatgut AG und die Jungpflanzen von der Bio- G\u00e4rtnerei B\u00e4rengarten aus Frankfurt. Das Angebot ist vielf\u00e4ltig und erfolgsorientiert. Tomaten, Paprika, Chili und Salatgurke werden nicht angeboten daf\u00fcr Buschbohnen, Zuckererbsen, verschiedenen Kohlsorten, Kartoffeln, Lagerzwiebeln, Fenchel, Zuckermais, Sellerie, Kopf- und Pfl\u00fccksalat u.v.m. F\u00fcr eigene W\u00fcnsche stehen zwei freie Reihen zur Verf\u00fcgung. Die Ernte ist so reichlich ist, dass man gerne gro\u00dfz\u00fcgig an Freunde und Familie verschenken kann oder  einen ordentlichen Wintervorrat anlegen kann. \u201e<\/p>\n<p>Auch in diesem Jahr gibt es wieder Kooperationen mit Kinderg\u00e4rten und Schulen: \u201eEs freut uns auch sehr, dass der Kindertreff Zitrone wieder dabei ist, die bereits im letzten Jahr eine Parzelle gepachtet hatten und ein wundervolles Kochbuch heraus gegeben haben\u201c, erg\u00e4nzt Krecek. Der Rotary Club Fulda unterst\u00fctzt das Kartoffelprojekt der Adolf- v.- Dalbergschule auch dieses Jahr wieder und erm\u00f6glicht so einer dritten Klasse die Teilnahme.<\/p>\n<p>Wem nun sein gr\u00fcner Daumen juckt kann in Fulda, im tegut\u00e2\u20ac\u00a6Saisongarten, einen leichten Einstieg zum G\u00e4rtnern haben und hier eine bepflanzte Parzellen f\u00fcr eine Saison pachten. Interessenten k\u00f6nnen sich noch bis Anfang Mai melden, denn dann werden die Parzellen an die G\u00e4rtner \u00fcbergeben. Weiterf\u00fchrende Informationen unter www.saisongarte.com oder Stefanie Krecek 0171-690 69 87<\/p>\n","protected":false},"excerpt":{"rendered":"<div class=\"tmnf_excerpt\"><p>Die Gartensaison im tegut\u00e2\u20ac\u00a6Saisongarten wird am 01.Mai 2016 er\u00f6ffnet. Dann werden 62 Gem\u00fcse- Parzellen ihren neuen G\u00e4rtnern \u00fcberreicht. Frisches Gem\u00fcse direkt aus dem Garten ist nicht mehr nur der Landbev\u00f6lkerung vorbehalten. Gerade St\u00e4dter wollen in den Garten, sofern sie einen haben. Wer nicht Schrebergartenbesitzer oder (Vor) Stadtgarteninhaber ist, kann trotzdem zupfen, s\u00e4en und ernten. Denn &hellip;<\/p>\n<\/div>","protected":false},"author":1,"featured_media":150075,"comment_status":"closed","ping_status":"closed","sticky":false,"template":"","format":"gallery","meta":{"footnotes":""},"categories":[1],"tags":[],"class_list":["post-150074","post","type-post","status-publish","format-gallery","has-post-thumbnail","hentry","category-startseite","post_format-post-format-gallery"],"_links":{"self":[{"href":"https:\/\/www.fuldaernachrichten.de\/index.php?rest_route=\/wp\/v2\/posts\/150074","targetHints":{"allow":["GET"]}}],"collection":[{"href":"https:\/\/www.fuldaernachrichten.de\/index.php?rest_route=\/wp\/v2\/posts"}],"about":[{"href":"https:\/\/www.fuldaernachrichten.de\/index.php?rest_route=\/wp\/v2\/types\/post"}],"author":[{"embeddable":true,"href":"https:\/\/www.fuldaernachrichten.de\/index.php?rest_route=\/wp\/v2\/users\/1"}],"replies":[{"embeddable":true,"href":"https:\/\/www.fuldaernachrichten.de\/index.php?rest_route=%2Fwp%2Fv2%2Fcomments&post=150074"}],"version-history":[{"count":1,"href":"https:\/\/www.fuldaernachrichten.de\/index.php?rest_route=\/wp\/v2\/posts\/150074\/revisions"}],"predecessor-version":[{"id":150082,"href":"https:\/\/www.fuldaernachrichten.de\/index.php?rest_route=\/wp\/v2\/posts\/150074\/revisions\/150082"}],"wp:featuredmedia":[{"embeddable":true,"href":"https:\/\/www.fuldaernachrichten.de\/index.php?rest_route=\/wp\/v2\/media\/150075"}],"wp:attachment":[{"href":"https:\/\/www.fuldaernachrichten.de\/index.php?rest_route=%2Fwp%2Fv2%2Fmedia&parent=150074"}],"wp:term":[{"taxonomy":"category","embeddable":true,"href":"https:\/\/www.fuldaernachrichten.de\/index.php?rest_route=%2Fwp%2Fv2%2Fcategories&post=150074"},{"taxonomy":"post_tag","embeddable":true,"href":"https:\/\/www.fuldaernachrichten.de\/index.php?rest_route=%2Fwp%2Fv2%2Ftags&post=150074"}],"curies":[{"name":"wp","href":"https:\/\/api.w.org\/{rel}","templated":true}]}}