{"id":150064,"date":"2016-04-11T08:09:24","date_gmt":"2016-04-11T06:09:24","guid":{"rendered":"http:\/\/www.fuldaer-nachrichten.de\/?p=150064"},"modified":"2016-04-11T08:09:24","modified_gmt":"2016-04-11T06:09:24","slug":"auch-ich-war-ein-hitler-maedchen-erinnerungen-1928-1950-von-ursula-vaupel","status":"publish","type":"post","link":"https:\/\/www.fuldaernachrichten.de\/?p=150064","title":{"rendered":"\u201eAuch ich war ein Hitler-M\u00e4dchen &#8211; Erinnerungen 1928-1950\u201c von Ursula Vaupel"},"content":{"rendered":"<p>Am 15. April um 19.00 Uhr stellt Ursula Vaupel ihr Buch \u201eAuch Ich war ein Hitler-M\u00e4dchen\u201c im Heuson-Museum in der B\u00fcdinger Altstadt vor. Ursula Vaupel, geborene Walldorf, Jahrgang 1928, hat f\u00fcr dieses Buch ihre Kindheits- und Jugenderinnerungen aufgeschrieben und reflektiert. Eine wichtige Erinnerungsst\u00fctze f\u00fcr die Zeit von 1944 bis 1950 war dabei ihr Tagebuch, durch das sie vor allem ihre Flucht aus Litzmannstadt (Lodz in Polen) und die zehn Monate elenden Fl\u00fcchtlingsdaseins detailliert darstellen konnte.<\/p>\n<p>Im September 2014 entdeckte sie vor dem Wiesbadener Mietshaus, in dem sie mit ihren Eltern und ihrem Bruder von 1935 bis 1943 gewohnt hatte, Stolpersteine. Sie mahnen an die Deportation ihrer j\u00fcdischen Mitbewohner. Dieser Anblick brachte sie dazu, nach den Kindern der Familie Kleinstra\u00df zu forschen, so entstand der Kontakt zu dem ehemaligen j\u00fcdischen Nachbarskind Paul. Auch er hat seine Jugendgeschichte aufgeschrieben, Passagen aus seinem Buch stellt Ursula Vaupel ihren eigenen Erinnerungen gegen\u00fcber.<\/p>\n<p>Ursula Vaupels Mutter war eine gl\u00fchende Verehrerin Hitlers, ihr Vater F\u00fchrer im Reichsarbeitsdienst. In diesem sozialen Umfeld nahmen die Autorin und ihr Bruder widerspruchslos die Ideologie des NS-Regimes an. Ihr Bruder war kurzzeitig Angeh\u00f6riger der SS.<\/p>\n<p>Die Autorin geht in ihrem Buch der Frage nach, wieso sie, die als K\u00f6rperbehinderte in der Hitlerjugend auch Diskriminierungen erfuhr, die Unmenschlichkeit des Nationalsozialismus nicht wahrnahm und keine Zweifel aufkommen lie\u00df. Dar\u00fcber hinaus bietet sie eine lebendige Darstellung des Alltagslebens im \u201eDritten Reich\u201c und in der Nachkriegszeit.<br \/>\nDer Eintritt ist frei.<\/p>\n<p>Auch ich war ein Hitler-M\u00e4dchen<br \/>\n461 Seiten, 52 Abbildungen, 25,00 \u00e2\u201a\u00ac<br \/>\nGeschichtswerkstatt B\u00fcdingen 2016<br \/>\nISBN 978-3-939454-83-0<\/p>\n","protected":false},"excerpt":{"rendered":"<div class=\"tmnf_excerpt\"><p>Am 15. April um 19.00 Uhr stellt Ursula Vaupel ihr Buch \u201eAuch Ich war ein Hitler-M\u00e4dchen\u201c im Heuson-Museum in der B\u00fcdinger Altstadt vor. Ursula Vaupel, geborene Walldorf, Jahrgang 1928, hat f\u00fcr dieses Buch ihre Kindheits- und Jugenderinnerungen aufgeschrieben und reflektiert. Eine wichtige Erinnerungsst\u00fctze f\u00fcr die Zeit von 1944 bis 1950 war dabei ihr Tagebuch, durch &hellip;<\/p>\n<\/div>","protected":false},"author":1,"featured_media":150070,"comment_status":"closed","ping_status":"closed","sticky":false,"template":"","format":"standard","meta":{"footnotes":""},"categories":[1],"tags":[],"class_list":["post-150064","post","type-post","status-publish","format-standard","has-post-thumbnail","hentry","category-startseite"],"_links":{"self":[{"href":"https:\/\/www.fuldaernachrichten.de\/index.php?rest_route=\/wp\/v2\/posts\/150064","targetHints":{"allow":["GET"]}}],"collection":[{"href":"https:\/\/www.fuldaernachrichten.de\/index.php?rest_route=\/wp\/v2\/posts"}],"about":[{"href":"https:\/\/www.fuldaernachrichten.de\/index.php?rest_route=\/wp\/v2\/types\/post"}],"author":[{"embeddable":true,"href":"https:\/\/www.fuldaernachrichten.de\/index.php?rest_route=\/wp\/v2\/users\/1"}],"replies":[{"embeddable":true,"href":"https:\/\/www.fuldaernachrichten.de\/index.php?rest_route=%2Fwp%2Fv2%2Fcomments&post=150064"}],"version-history":[{"count":1,"href":"https:\/\/www.fuldaernachrichten.de\/index.php?rest_route=\/wp\/v2\/posts\/150064\/revisions"}],"predecessor-version":[{"id":150071,"href":"https:\/\/www.fuldaernachrichten.de\/index.php?rest_route=\/wp\/v2\/posts\/150064\/revisions\/150071"}],"wp:featuredmedia":[{"embeddable":true,"href":"https:\/\/www.fuldaernachrichten.de\/index.php?rest_route=\/wp\/v2\/media\/150070"}],"wp:attachment":[{"href":"https:\/\/www.fuldaernachrichten.de\/index.php?rest_route=%2Fwp%2Fv2%2Fmedia&parent=150064"}],"wp:term":[{"taxonomy":"category","embeddable":true,"href":"https:\/\/www.fuldaernachrichten.de\/index.php?rest_route=%2Fwp%2Fv2%2Fcategories&post=150064"},{"taxonomy":"post_tag","embeddable":true,"href":"https:\/\/www.fuldaernachrichten.de\/index.php?rest_route=%2Fwp%2Fv2%2Ftags&post=150064"}],"curies":[{"name":"wp","href":"https:\/\/api.w.org\/{rel}","templated":true}]}}