{"id":150016,"date":"2016-04-07T22:42:24","date_gmt":"2016-04-07T20:42:24","guid":{"rendered":"http:\/\/www.fuldaer-nachrichten.de\/?p=150016"},"modified":"2016-04-07T22:42:24","modified_gmt":"2016-04-07T20:42:24","slug":"14-hessischer-kurtag-in-bad-hersfeld-weltkurerbe-im-zeichen-der-verantwortung","status":"publish","type":"post","link":"https:\/\/www.fuldaernachrichten.de\/?p=150016","title":{"rendered":"14. Hessischer Kurtag in Bad Hersfeld: Welt(KUR)erbe &#8211; Im Zeichen der Verantwortung"},"content":{"rendered":"<p>K\u00f6nigstein im Taunus, den 7. April 2016. Die Heilb\u00e4der und Kurorte in Hessen tragen eine hohe Verantwortung. Sie bewahren ihre reiche Tradition und \u00fcbersetzen sie in das Hier und Jetzt. Damit machen die Orte mit Auszeichnung die Kur f\u00fcr G\u00e4ste und gleichsam ihre B\u00fcrgerinnen und B\u00fcrger erlebbar. Mit dem 13. Hessischen Kurtag, der am Donnerstag, 14. April 2016 in Bad Hersfeld stattfindet, zeigen Sie erneut, dass in der Kur die Zukunft liegt.<\/p>\n<p>Hinter dem Titel \u201eWelt(KUR)erbe \u2013 Im Zeichen der Verantwortung\u201c verbirgt sich eine wohl durchdachte Themenvielfalt, die von der Vergangenheit \u00fcber die Gegenwart in die Zukunft f\u00fchrt. Nach der Begr\u00fc\u00dfung des Vorsitzenden des Hessischen Heilb\u00e4derverbandes, Ronald Gundlach, um 10.00 Uhr wird Ute Hellberg, Hessisches Ministerium f\u00fcr Wirtschaft, Energie, Verkehr und Landesentwicklung, die Bedeutung der Heilb\u00e4der und Kurorte in Hessen f\u00fcr den Tourismus aufzeigen. 1. Stadtrat Dr. Rolf G\u00f6bel begr\u00fc\u00dft die Teilnehmer f\u00fcr die Stadt Bad Hersfeld.<\/p>\n<p>In das eigentliche Programm starten die B\u00e4derspezialisten mit einer kleinen Geschichte der Kur. Das Spannende an der Aktion ist, dass diesmal die Kenner selbst einen Beitrag zur Geschichte leisten m\u00fcssen. Mehr wird an dieser Stelle nicht verraten. Die \u201eVerantwortung f\u00fcr das kulturelle Erbe\u201c zeigt Dr. Thomas Weichsel, Stabsstelle Wiesbadener Identit\u00e4t \u2013 Engagement \u2013 B\u00fcrgerbeteiligung beim Oberb\u00fcrgermeister, auf. Am Beispiel der Landeshauptstadt Wiesbaden erl\u00e4utert er die Welterbe-Bewerbung als Teil der Identifikationsstrategie von St\u00e4dten.<\/p>\n<p>\u201eIm Kurort zu Hause, im Kurpark eine Heimat\u201c ist das Thema von Wolfgang Wette, Wette + K\u00fcneke Landschaftsarchitekten DGGL, \u00fcberschrieben. Die Kurparke Bad Pyrmont und Bad Hersfeld zeigen beispielhaft auf, welche Bedeutung die Gr\u00fcnanlagen haben.<\/p>\n<p>\u201eVitalit\u00e4t durch Wasser\u201c steht im Fokus des Vortrages von Professor Dr. Wilhelm Bloch, Deutsche Sporthochschule, K\u00f6ln. Mit seiner heilenden Wirkung ist Wasser ein herausragendes Nat\u00fcrliches Heilmittel, das besondere Schutzrefugien ben\u00f6tigt, um uns Menschen gesund zu erhalten.<\/p>\n<p>Wie werden wir morgen verreisen? Davon hat Lars Bengsch, Gesch\u00e4ftsf\u00fchrer des dwif, M\u00fcnchen, genaue Vorstellungen. Wie die Gesundheitsprogramme der Zukunft aussehen k\u00f6nnten, zeichnet Bastian Hiller vom Institut Tourismuszukunft, Eichstatt, auf.<\/p>\n<p>Verantwortung f\u00fcr den Kurort von morgen: Die Heilb\u00e4der und Kurorte in Hessen gestalten intensiv die neue KUR. Zum Abschluss des B\u00e4dertages dreht sich deshalb alles um die Marke. Michael Domsalla, KMTO Markenmanufaktur, Berlin, zeigt eine Vision \u00fcber den neuen Kurort im Zeichen der Marke Kur auf.<\/p>\n<p>Kur \u2013 das ist auch Zeit, die Menschen gemeinsam verbringen und genie\u00dfen. Deshalb sind zu den Vortr\u00e4gen B\u00e4derspezialisten, interessierte B\u00fcrgerinnen und B\u00fcrger und alle Interessierten herzlich eingeladen. Die Teilnahme ist kostenfrei.<\/p>\n","protected":false},"excerpt":{"rendered":"<div class=\"tmnf_excerpt\"><p>K\u00f6nigstein im Taunus, den 7. April 2016. Die Heilb\u00e4der und Kurorte in Hessen tragen eine hohe Verantwortung. Sie bewahren ihre reiche Tradition und \u00fcbersetzen sie in das Hier und Jetzt. Damit machen die Orte mit Auszeichnung die Kur f\u00fcr G\u00e4ste und gleichsam ihre B\u00fcrgerinnen und B\u00fcrger erlebbar. Mit dem 13. Hessischen Kurtag, der am Donnerstag, &hellip;<\/p>\n<\/div>","protected":false},"author":1,"featured_media":0,"comment_status":"closed","ping_status":"closed","sticky":false,"template":"","format":"standard","meta":{"footnotes":""},"categories":[1],"tags":[],"class_list":["post-150016","post","type-post","status-publish","format-standard","hentry","category-startseite"],"_links":{"self":[{"href":"https:\/\/www.fuldaernachrichten.de\/index.php?rest_route=\/wp\/v2\/posts\/150016","targetHints":{"allow":["GET"]}}],"collection":[{"href":"https:\/\/www.fuldaernachrichten.de\/index.php?rest_route=\/wp\/v2\/posts"}],"about":[{"href":"https:\/\/www.fuldaernachrichten.de\/index.php?rest_route=\/wp\/v2\/types\/post"}],"author":[{"embeddable":true,"href":"https:\/\/www.fuldaernachrichten.de\/index.php?rest_route=\/wp\/v2\/users\/1"}],"replies":[{"embeddable":true,"href":"https:\/\/www.fuldaernachrichten.de\/index.php?rest_route=%2Fwp%2Fv2%2Fcomments&post=150016"}],"version-history":[{"count":1,"href":"https:\/\/www.fuldaernachrichten.de\/index.php?rest_route=\/wp\/v2\/posts\/150016\/revisions"}],"predecessor-version":[{"id":150025,"href":"https:\/\/www.fuldaernachrichten.de\/index.php?rest_route=\/wp\/v2\/posts\/150016\/revisions\/150025"}],"wp:attachment":[{"href":"https:\/\/www.fuldaernachrichten.de\/index.php?rest_route=%2Fwp%2Fv2%2Fmedia&parent=150016"}],"wp:term":[{"taxonomy":"category","embeddable":true,"href":"https:\/\/www.fuldaernachrichten.de\/index.php?rest_route=%2Fwp%2Fv2%2Fcategories&post=150016"},{"taxonomy":"post_tag","embeddable":true,"href":"https:\/\/www.fuldaernachrichten.de\/index.php?rest_route=%2Fwp%2Fv2%2Ftags&post=150016"}],"curies":[{"name":"wp","href":"https:\/\/api.w.org\/{rel}","templated":true}]}}