{"id":150014,"date":"2016-04-07T22:39:52","date_gmt":"2016-04-07T20:39:52","guid":{"rendered":"http:\/\/www.fuldaer-nachrichten.de\/?p=150014"},"modified":"2016-04-07T22:39:52","modified_gmt":"2016-04-07T20:39:52","slug":"kkv-auch-fuer-briefkastenfirmen-gelten-ethische-grundsaetze-steuerbetrug-und-hinterziehung-effektiver-verhindern","status":"publish","type":"post","link":"https:\/\/www.fuldaernachrichten.de\/?p=150014","title":{"rendered":"KKV: Auch f\u00fcr Briefkastenfirmen gelten ethische Grunds\u00e4tze \u2013 Steuerbetrug und Hinterziehung effektiver verhindern"},"content":{"rendered":"<p>\u201eUnternehmen haben die Aufgaben, die Bed\u00fcrfnisse der Welt durch die Produktion von G\u00fctern (die wirklich gut sind) und Dienstleistungen (die wirklich dienen) zu befriedigen. Sie sollen ferner gute und produktive Arbeit organisieren, nachhaltigen Wohlstand schaffen und ihn gerecht verteilen.\u201c Mit diesen Worten beschreibt der P\u00e4pstliche Rat f\u00fcr Gerechtigkeit und Frieden in seinem Papier \u201eZum Unternehmer berufen\u201c (von 2012, Nr. 38-56) die Aufgaben von Unternehmen. \u201eOb Briefkastenfirmen diesem Auftrag gerecht werden, darf sicher bezweifelt werden\u201c, so Bernd-M. Wehner, geb\u00fcrtiger Fuldaer Bundesvorsitzender des Verbands der Katholiken in Wirtschaft und Verwaltung (KKV). Nat\u00fcrlich sei das Einrichten einer Briefkastenfirma grunds\u00e4tzlich nicht strafbar. Aber allzu oft dienten Scheinunternehmen dieser Art dazu, Schwarzgeld, Schmiergeld oder andere legal erworbene Mittel vor den Beh\u00f6rden zu verstecken. Wenn die \u201ePanama-Papers\u201c von mehr als 200.000 Briefkastenfirmen mit Inhabern bzw. Auftraggebern aus fast allen L\u00e4ndern der Welt spr\u00e4chen, dann sei das schon erstaunlich. Letztlich stelle sich f\u00fcr den normalen B\u00fcrger, der brav seine Steuern zahle, die Frage, weshalb gr\u00fcndet jemand eine Briefkastenfirma und dann auch noch im Ausland? Jedenfalls falle es schon schwer, daf\u00fcr grunds\u00e4tzlich lautere Motive zu unterstellen, so der KKV-Bundesvorsitzende. Nat\u00fcrlich k\u00f6nne und wolle man nicht allen Inhabern solcher Firmen unmoralisches Handeln wie Steuerhinterziehung unterstellen. Auch f\u00fcr sie gelte der Grundsatz, dass sie solange als unschuldig zu gelten haben, bis ihre Schuld erwiesen sei.<\/p>\n<p>\u201eKirchenkreise in Deutschland forderten aber schon l\u00e4nger die Abschaffung von Briefkastenfirmen, die allein dem Steuerbetrug dienen\u201c, erinnert Prof. Dr. Peter Schallenberg, Sozialethiker und Leiter der Katholischen Sozialwissenschaftlichen Zentralstelle in M\u00f6nchengladbach. So h\u00e4tten im Februar 2014 die katholische und die evangelische Kirche ein gemeinsames \u00f6kumenisches Sozialwort ver\u00f6ffentlicht, das im Kapitel zum Thema Staatsfinanzen \u201ebeachtenswerte Vorschl\u00e4ge\u201c zu dem Anliegen mache, Steuerbetrug und Hinterziehung in Zukunft effektiver zu verhindern, so Schallenberg, der auch Geistlicher Beirat des KKV-Bundesverbandes ist. Vorgeschlagen w\u00fcrden etwa ein automatischer Informationsaustausch steuerrelevanter Daten, die Bek\u00e4mpfung von Verdunklungsoasen und eine gemeinsame konsolidierte Unternehmensbesteuerung. \u201eUnd wenn da das Stichwort Verdunklungsoasen f\u00e4llt, ist daran gedacht, dass Briefkastenfirmen, die explizit oder leicht das Ziel haben, Steuerhinterziehung zu f\u00f6rdern, auf gesetzlichem Weg einzuschr\u00e4nken bzw. abzuschaffen sind.\u201c<\/p>\n<p>Der KKV appelliert daher an die Inhaber solcher Briefkastenfirmen auch hier die Ethik nicht au\u00dfer Acht zu lassen. Schlie\u00dflich wurde in der Finanz- und Wirtschaftskrise die Ethik in der Wirtschaft wieder entdeckt und damit auch der \u201eEhrbare Kaufmann\u201c. Nicht zuletzt aus diesem Grund verleiht der KKV Bundesverband auch seit einigen Jahren den Ehrenpreis des \u201eEhrbaren Kaufmanns\u201c. Der ehrbare Kaufmann d\u00fcrfe aber kein Lippenbekenntnis bleiben, sondern m\u00fcsse vor allem praktiziert werden. Man k\u00f6nnte es auch mit Thomas Mann formulieren, der es in seinem Roman &#8220;Die Buddenbrooks&#8221; so treffend ausgedr\u00fcckt hat, wenn er den Firmenchef sagen l\u00e4sst: &#8220;Mein Sohn, sei mit Lust bei den Gesch\u00e4ften am Tage, aber mache nur solche, dass wir bei Nacht ruhig schlafen k\u00f6nnen.&#8221;<br \/>\n\u201eDiese Grundregel fasse eindrucksvoll zusammen, was einen ehrbaren Kaufmann ausmacht\u201c, so der KKV-Bundesvorsitzende.<\/p>\n","protected":false},"excerpt":{"rendered":"<div class=\"tmnf_excerpt\"><p>\u201eUnternehmen haben die Aufgaben, die Bed\u00fcrfnisse der Welt durch die Produktion von G\u00fctern (die wirklich gut sind) und Dienstleistungen (die wirklich dienen) zu befriedigen. Sie sollen ferner gute und produktive Arbeit organisieren, nachhaltigen Wohlstand schaffen und ihn gerecht verteilen.\u201c Mit diesen Worten beschreibt der P\u00e4pstliche Rat f\u00fcr Gerechtigkeit und Frieden in seinem Papier \u201eZum Unternehmer &hellip;<\/p>\n<\/div>","protected":false},"author":1,"featured_media":0,"comment_status":"closed","ping_status":"closed","sticky":false,"template":"","format":"standard","meta":{"footnotes":""},"categories":[1],"tags":[],"class_list":["post-150014","post","type-post","status-publish","format-standard","hentry","category-startseite"],"_links":{"self":[{"href":"https:\/\/www.fuldaernachrichten.de\/index.php?rest_route=\/wp\/v2\/posts\/150014","targetHints":{"allow":["GET"]}}],"collection":[{"href":"https:\/\/www.fuldaernachrichten.de\/index.php?rest_route=\/wp\/v2\/posts"}],"about":[{"href":"https:\/\/www.fuldaernachrichten.de\/index.php?rest_route=\/wp\/v2\/types\/post"}],"author":[{"embeddable":true,"href":"https:\/\/www.fuldaernachrichten.de\/index.php?rest_route=\/wp\/v2\/users\/1"}],"replies":[{"embeddable":true,"href":"https:\/\/www.fuldaernachrichten.de\/index.php?rest_route=%2Fwp%2Fv2%2Fcomments&post=150014"}],"version-history":[{"count":1,"href":"https:\/\/www.fuldaernachrichten.de\/index.php?rest_route=\/wp\/v2\/posts\/150014\/revisions"}],"predecessor-version":[{"id":150021,"href":"https:\/\/www.fuldaernachrichten.de\/index.php?rest_route=\/wp\/v2\/posts\/150014\/revisions\/150021"}],"wp:attachment":[{"href":"https:\/\/www.fuldaernachrichten.de\/index.php?rest_route=%2Fwp%2Fv2%2Fmedia&parent=150014"}],"wp:term":[{"taxonomy":"category","embeddable":true,"href":"https:\/\/www.fuldaernachrichten.de\/index.php?rest_route=%2Fwp%2Fv2%2Fcategories&post=150014"},{"taxonomy":"post_tag","embeddable":true,"href":"https:\/\/www.fuldaernachrichten.de\/index.php?rest_route=%2Fwp%2Fv2%2Ftags&post=150014"}],"curies":[{"name":"wp","href":"https:\/\/api.w.org\/{rel}","templated":true}]}}