{"id":150008,"date":"2016-04-07T22:37:42","date_gmt":"2016-04-07T20:37:42","guid":{"rendered":"http:\/\/www.fuldaer-nachrichten.de\/?p=150008"},"modified":"2016-04-07T22:37:42","modified_gmt":"2016-04-07T20:37:42","slug":"roland-balzer-neuer-vorsitzender-der-cdu-fraktion-in-der-gemeindevertretung-petersberg","status":"publish","type":"post","link":"https:\/\/www.fuldaernachrichten.de\/?p=150008","title":{"rendered":"Roland Balzer neuer Vorsitzender der CDU Fraktion in der Gemeindevertretung Petersberg"},"content":{"rendered":"<p>Auf der konstituierenden Fraktionssitzung der Petersberger CDU Gemeindevertreter wurde Roland Balzer zum Fraktionsvorsitzenden gew\u00e4hlt. Der 44 j\u00e4hrige Jurist setzte sich im ersten Wahlgang mit gro\u00dfer Mehrheit gegen einen Mitbewerber durch.<\/p>\n<p>Wolfgang Hintze und Sebastian Leitsch wurden zu Balzers Stellvertretern gew\u00e4hlt. Der Fraktionsvorstand wird durch die Beisitzer Hartwig Blum, Felix Gaul, Kai V\u00f6ller (alle Petersberg), Hubert Mertz (Marbach) und Thomas Vogel (Steinau) erg\u00e4nzt.<\/p>\n<p>Mit dem am Petersberg aufgewachsenen Roland Balzer hat die Fraktion einen engagierten Kommunalpolitiker zu ihrem Vorsitzenden gew\u00e4hlt. Seit 15 Jahren ist der Gesellschafter einer Fuldaer Kanzlei von Rechtsanw\u00e4lten, Steuerberatern und Wirtschaftspr\u00fcfern schon in der Gemeindevertretung aktiv und sammelte in den vergangenen Jahren als stellvertretender Fraktionsvorsitzender viel Erfahrung in der Gremienarbeit. Mit Wolfgang Hintze steht ihm ein ebenso routinierter Gemeindevertreter zur Seite. Der Augenoptikermeister war zuvor ebenfalls stellvertretender Fraktionsvorsitzender. Die Fraktionsspitze komplettiert Sebastian Leitsch als zweiter Stellvertreter. F\u00fcr den studierten Staatswissenschaftler ist es die erste Amtszeit in der Gemeindevertretung Petersberg.<\/p>\n<p>Balzer forderte die Mitglieder seiner Fraktion in einer packenden Rede zu Geschlossenheit und gro\u00dfem Engagement in den kommenden f\u00fcnf Jahren auf. Es gelte die gute Arbeit der Vergangenheit weiter fortzusetzen, denn in der Gemeinde lasse es sich gut leben und die M\u00f6glichkeiten f\u00fcr die B\u00fcrgerinnen und B\u00fcrger seien hervorragend. \u201eIn Petersberg ist es einfach wundersch\u00f6n und wir wollen alle daran arbeiten, dass das so bleibt\u201c, erkl\u00e4rte Balzer \u00fcberzeugt. In den kommenden f\u00fcnf Jahren m\u00fcsse die gute Politik der CDU in der Gemeinde den B\u00fcrgern noch besser dargestellt und die Leistungen der CDU hervorgehoben werden. Die trotz des schwierigen Stimmungsumfeldes erneut gewonnene Kommunalwahl m\u00fcsse Ansporn f\u00fcr jeden Einzelnen in der Fraktion sein, sich aktiv in der Gemeindevertretung und deren Aussch\u00fcssen im Interesse der B\u00fcrger einzubringen. <\/p>\n<p>Der Vorsitzende des CDU Gemeindeverbandes Petersberg Hartwig Blum lobte die Ausgeglichenheit des Fraktionsvorstandes. Er hob hervor, dass bei der Besetzung sowohl die Ortsteile der Gemeinde als auch die Einbindung von erfahrenen und jungen engagierten Kr\u00e4ften ber\u00fccksichtigt wurde. Blum gratulierte Roland Balzer ganz herzlich zu seiner Wahl und w\u00fcnschte ihm bei der F\u00fchrung der Fraktion stets eine gl\u00fcckliche Hand.<\/p>\n","protected":false},"excerpt":{"rendered":"<div class=\"tmnf_excerpt\"><p>Auf der konstituierenden Fraktionssitzung der Petersberger CDU Gemeindevertreter wurde Roland Balzer zum Fraktionsvorsitzenden gew\u00e4hlt. Der 44 j\u00e4hrige Jurist setzte sich im ersten Wahlgang mit gro\u00dfer Mehrheit gegen einen Mitbewerber durch. Wolfgang Hintze und Sebastian Leitsch wurden zu Balzers Stellvertretern gew\u00e4hlt. Der Fraktionsvorstand wird durch die Beisitzer Hartwig Blum, Felix Gaul, Kai V\u00f6ller (alle Petersberg), Hubert &hellip;<\/p>\n<\/div>","protected":false},"author":1,"featured_media":150017,"comment_status":"closed","ping_status":"closed","sticky":false,"template":"","format":"standard","meta":{"footnotes":""},"categories":[1],"tags":[],"class_list":["post-150008","post","type-post","status-publish","format-standard","has-post-thumbnail","hentry","category-startseite"],"_links":{"self":[{"href":"https:\/\/www.fuldaernachrichten.de\/index.php?rest_route=\/wp\/v2\/posts\/150008","targetHints":{"allow":["GET"]}}],"collection":[{"href":"https:\/\/www.fuldaernachrichten.de\/index.php?rest_route=\/wp\/v2\/posts"}],"about":[{"href":"https:\/\/www.fuldaernachrichten.de\/index.php?rest_route=\/wp\/v2\/types\/post"}],"author":[{"embeddable":true,"href":"https:\/\/www.fuldaernachrichten.de\/index.php?rest_route=\/wp\/v2\/users\/1"}],"replies":[{"embeddable":true,"href":"https:\/\/www.fuldaernachrichten.de\/index.php?rest_route=%2Fwp%2Fv2%2Fcomments&post=150008"}],"version-history":[{"count":1,"href":"https:\/\/www.fuldaernachrichten.de\/index.php?rest_route=\/wp\/v2\/posts\/150008\/revisions"}],"predecessor-version":[{"id":150018,"href":"https:\/\/www.fuldaernachrichten.de\/index.php?rest_route=\/wp\/v2\/posts\/150008\/revisions\/150018"}],"wp:featuredmedia":[{"embeddable":true,"href":"https:\/\/www.fuldaernachrichten.de\/index.php?rest_route=\/wp\/v2\/media\/150017"}],"wp:attachment":[{"href":"https:\/\/www.fuldaernachrichten.de\/index.php?rest_route=%2Fwp%2Fv2%2Fmedia&parent=150008"}],"wp:term":[{"taxonomy":"category","embeddable":true,"href":"https:\/\/www.fuldaernachrichten.de\/index.php?rest_route=%2Fwp%2Fv2%2Fcategories&post=150008"},{"taxonomy":"post_tag","embeddable":true,"href":"https:\/\/www.fuldaernachrichten.de\/index.php?rest_route=%2Fwp%2Fv2%2Ftags&post=150008"}],"curies":[{"name":"wp","href":"https:\/\/api.w.org\/{rel}","templated":true}]}}