{"id":149994,"date":"2016-04-07T22:29:39","date_gmt":"2016-04-07T20:29:39","guid":{"rendered":"http:\/\/www.fuldaer-nachrichten.de\/?p=149994"},"modified":"2016-04-07T22:29:39","modified_gmt":"2016-04-07T20:29:39","slug":"mittelstandvereinigung-hessen-sieht-nachteile-fuer-den-hessischen-mittelstand-bei-der-geplanten-boersenfusion","status":"publish","type":"post","link":"https:\/\/www.fuldaernachrichten.de\/?p=149994","title":{"rendered":"Mittelstandvereinigung Hessen sieht Nachteile f\u00fcr den hessischen Mittelstand bei der geplanten B\u00f6rsenfusion"},"content":{"rendered":"<p>&#8220;Die Frankfurter B\u00f6rse hat eine gro\u00dfe Bedeutung f\u00fcr den Finanzplatz Frankfurt und insgesamt f\u00fcr die mittelst\u00e4ndischen Unternehmen in Hessen und in Deutschland. Die geplante Fusion mit der Londoner B\u00f6rse kann zu erheblichen negativen Auswirkungen f\u00fchren&#8221;, erkl\u00e4rte der Landesvorsitzende der Mittelstands- und Wirtschaftsvereinigung Hessen (MIT), Frank Hartmann, in Fulda.<\/p>\n<p>Schon im Jahre 2011 habe sich die MIT Hessen erfolgreich gegen die geplante B\u00f6rsenfusion mit der B\u00f6rse New York ausgesprochen. Die Bedenken h\u00e4tten dazu gef\u00fchrt, dass die Fusion nicht vorgenommen worden sei.<br \/>\nNunmehr g\u00e4be es Pl\u00e4ne einer Fusion der B\u00f6rsen von Frankfurt und London. Dabei sei geplant, den Sitz der Holding nach London zu verlegen.<\/p>\n<p>Auch wenn die Fusionspl\u00e4ne Chancen im internationalen Wettbewerb bringen, d\u00fcrfe dies nicht zu einem Nachteil f\u00fcr den Finanzplatz Frankfurt und die mittelst\u00e4ndischen Unternehmen f\u00fchren, forderte Hartmann.<\/p>\n<p>Denn nach den bisherigen Pl\u00e4nen w\u00fcrde der Sitz nach London verlegt werden. Dies f\u00fchre zu einer verringerten Einflussnahme des Landes Hessen.<br \/>\nNegative Entwicklungen w\u00fcrde es im Bereich der Mitarbeiter geben. Auch die dann nicht mehr vorhandene \u00f6rtliche N\u00e4he f\u00fcr die mittelst\u00e4ndischen Unternehmen im Rahmen der Eigenkapitalbeschaffung werfe Probleme auf.<\/p>\n<p>Die MIT Hessen habe gro\u00dfe Sorge, dass die Pl\u00e4ne zu erheblichen Nachteilen f\u00fcr den B\u00f6rsenplatz Frankfurt f\u00fchren.<\/p>\n<p>Die hessische Landesregierung werde daher gebeten, die Vor- und Nachteile sorgf\u00e4ltig zu pr\u00fcfen und abzuw\u00e4gen, erkl\u00e4rte Hartmann.<\/p>\n<p>Insbesondere m\u00fcsste Bestandteil der Pr\u00fcfung sein, nach welchen rechtlichen Standards die weitere Arbeit der B\u00f6rse nach der Fusion und einem Sitz in London f\u00fchren w\u00fcrden, weil die rechtlichen Standards nach britischem Recht nachteilig f\u00fcr die Eigenkapitalbeschaffung der mittelst\u00e4ndischen Unternehmen seien.<\/p>\n","protected":false},"excerpt":{"rendered":"<div class=\"tmnf_excerpt\"><p>&#8220;Die Frankfurter B\u00f6rse hat eine gro\u00dfe Bedeutung f\u00fcr den Finanzplatz Frankfurt und insgesamt f\u00fcr die mittelst\u00e4ndischen Unternehmen in Hessen und in Deutschland. Die geplante Fusion mit der Londoner B\u00f6rse kann zu erheblichen negativen Auswirkungen f\u00fchren&#8221;, erkl\u00e4rte der Landesvorsitzende der Mittelstands- und Wirtschaftsvereinigung Hessen (MIT), Frank Hartmann, in Fulda. Schon im Jahre 2011 habe sich die &hellip;<\/p>\n<\/div>","protected":false},"author":1,"featured_media":0,"comment_status":"closed","ping_status":"closed","sticky":false,"template":"","format":"standard","meta":{"footnotes":""},"categories":[1],"tags":[],"class_list":["post-149994","post","type-post","status-publish","format-standard","hentry","category-startseite"],"_links":{"self":[{"href":"https:\/\/www.fuldaernachrichten.de\/index.php?rest_route=\/wp\/v2\/posts\/149994","targetHints":{"allow":["GET"]}}],"collection":[{"href":"https:\/\/www.fuldaernachrichten.de\/index.php?rest_route=\/wp\/v2\/posts"}],"about":[{"href":"https:\/\/www.fuldaernachrichten.de\/index.php?rest_route=\/wp\/v2\/types\/post"}],"author":[{"embeddable":true,"href":"https:\/\/www.fuldaernachrichten.de\/index.php?rest_route=\/wp\/v2\/users\/1"}],"replies":[{"embeddable":true,"href":"https:\/\/www.fuldaernachrichten.de\/index.php?rest_route=%2Fwp%2Fv2%2Fcomments&post=149994"}],"version-history":[{"count":1,"href":"https:\/\/www.fuldaernachrichten.de\/index.php?rest_route=\/wp\/v2\/posts\/149994\/revisions"}],"predecessor-version":[{"id":150007,"href":"https:\/\/www.fuldaernachrichten.de\/index.php?rest_route=\/wp\/v2\/posts\/149994\/revisions\/150007"}],"wp:attachment":[{"href":"https:\/\/www.fuldaernachrichten.de\/index.php?rest_route=%2Fwp%2Fv2%2Fmedia&parent=149994"}],"wp:term":[{"taxonomy":"category","embeddable":true,"href":"https:\/\/www.fuldaernachrichten.de\/index.php?rest_route=%2Fwp%2Fv2%2Fcategories&post=149994"},{"taxonomy":"post_tag","embeddable":true,"href":"https:\/\/www.fuldaernachrichten.de\/index.php?rest_route=%2Fwp%2Fv2%2Ftags&post=149994"}],"curies":[{"name":"wp","href":"https:\/\/api.w.org\/{rel}","templated":true}]}}