{"id":149993,"date":"2016-04-07T22:22:01","date_gmt":"2016-04-07T20:22:01","guid":{"rendered":"http:\/\/www.fuldaer-nachrichten.de\/?p=149993"},"modified":"2016-04-07T22:22:01","modified_gmt":"2016-04-07T20:22:01","slug":"stattliche-summe-maritim-hotel-spendet-1-363-euro-an-die-kleinen-helden","status":"publish","type":"post","link":"https:\/\/www.fuldaernachrichten.de\/?p=149993","title":{"rendered":"Stattliche Summe &#8211; Maritim Hotel spendet 1.363 Euro an die \u201eKleinen Helden\u201c"},"content":{"rendered":"<p>Mit einem nachtr\u00e4glichen Ostergeschenk \u00fcberraschte das Maritim Hotel Fulda den Verein \u201eKleine Helden Kinder- und Jugendhospiz Osthessen e.V.\u201c. <\/p>\n<p>In Begleitung des Osterhasen, der sich extra f\u00fcr diesen besonderen Anlass Zeit genommen hat, \u00fcbergaben Hoteldirektor Wolfgang Sulzbacher und Janine Becker, Regionalverkaufsleiterin des Maritim Hotels, im Namen aller Hotelmitarbeiter einen Spendenscheck in H\u00f6he von 1.363,00 Euro. Diese stattliche Summe ist der Erl\u00f6s aus der Weihnachtsfeier-Tombola, im Rahmen dessen das gesamte Team des Maritim Hotels f\u00fcr einen guten Zweck steigerte. <\/p>\n<p>\u201eDie Entscheidung, erneut die \u201eKleinen Helden\u201c zu unterst\u00fctzen fiel einstimmig, denn es ist uns immer noch eine Herzensangelegenheit mit unserer Spende eine Institution zu f\u00f6rdern, die f\u00fcr die Menschen in unserer Region so wertvolle, ehrenamtliche Arbeit leistet\u201c, erkl\u00e4rte der Hoteldirektor. <\/p>\n<p>Die \u201eKleine Helden\u201c Kinder- und Jugendhospiz Osthessen e.V. k\u00fcmmern sich ehrenamtlich um unheilbar kranke Kinder und Ihre Angeh\u00f6rigen und tun alles daf\u00fcr, um Familien mit diesem Schicksal eine gemeinsame Zeit zu erm\u00f6glichen. \u201eWir sind beeindruckt von so viel N\u00e4chstenliebe und m\u00f6chten mit unserer Spende dieses au\u00dfergew\u00f6hnliche Engagement w\u00fcrdigen, sowie dazu beitragen, dass die \u201eKleinen Helden\u201c noch mehr Familien unterst\u00fctzen und neue Projekte verwirklichen k\u00f6nnen\u201c, erg\u00e4nzt Janine Becker. \u201eAllen Mitarbeitern w\u00fcnschen wir von Herzen immer wieder Kraft und Mut f\u00fcr Ihre Einsatzbereitschaft.\u201c <\/p>\n","protected":false},"excerpt":{"rendered":"<div class=\"tmnf_excerpt\"><p>Mit einem nachtr\u00e4glichen Ostergeschenk \u00fcberraschte das Maritim Hotel Fulda den Verein \u201eKleine Helden Kinder- und Jugendhospiz Osthessen e.V.\u201c. In Begleitung des Osterhasen, der sich extra f\u00fcr diesen besonderen Anlass Zeit genommen hat, \u00fcbergaben Hoteldirektor Wolfgang Sulzbacher und Janine Becker, Regionalverkaufsleiterin des Maritim Hotels, im Namen aller Hotelmitarbeiter einen Spendenscheck in H\u00f6he von 1.363,00 Euro. Diese &hellip;<\/p>\n<\/div>","protected":false},"author":1,"featured_media":149996,"comment_status":"closed","ping_status":"closed","sticky":false,"template":"","format":"standard","meta":{"footnotes":""},"categories":[1],"tags":[],"class_list":["post-149993","post","type-post","status-publish","format-standard","has-post-thumbnail","hentry","category-startseite"],"_links":{"self":[{"href":"https:\/\/www.fuldaernachrichten.de\/index.php?rest_route=\/wp\/v2\/posts\/149993","targetHints":{"allow":["GET"]}}],"collection":[{"href":"https:\/\/www.fuldaernachrichten.de\/index.php?rest_route=\/wp\/v2\/posts"}],"about":[{"href":"https:\/\/www.fuldaernachrichten.de\/index.php?rest_route=\/wp\/v2\/types\/post"}],"author":[{"embeddable":true,"href":"https:\/\/www.fuldaernachrichten.de\/index.php?rest_route=\/wp\/v2\/users\/1"}],"replies":[{"embeddable":true,"href":"https:\/\/www.fuldaernachrichten.de\/index.php?rest_route=%2Fwp%2Fv2%2Fcomments&post=149993"}],"version-history":[{"count":1,"href":"https:\/\/www.fuldaernachrichten.de\/index.php?rest_route=\/wp\/v2\/posts\/149993\/revisions"}],"predecessor-version":[{"id":149997,"href":"https:\/\/www.fuldaernachrichten.de\/index.php?rest_route=\/wp\/v2\/posts\/149993\/revisions\/149997"}],"wp:featuredmedia":[{"embeddable":true,"href":"https:\/\/www.fuldaernachrichten.de\/index.php?rest_route=\/wp\/v2\/media\/149996"}],"wp:attachment":[{"href":"https:\/\/www.fuldaernachrichten.de\/index.php?rest_route=%2Fwp%2Fv2%2Fmedia&parent=149993"}],"wp:term":[{"taxonomy":"category","embeddable":true,"href":"https:\/\/www.fuldaernachrichten.de\/index.php?rest_route=%2Fwp%2Fv2%2Fcategories&post=149993"},{"taxonomy":"post_tag","embeddable":true,"href":"https:\/\/www.fuldaernachrichten.de\/index.php?rest_route=%2Fwp%2Fv2%2Ftags&post=149993"}],"curies":[{"name":"wp","href":"https:\/\/api.w.org\/{rel}","templated":true}]}}