{"id":149992,"date":"2016-04-07T22:27:36","date_gmt":"2016-04-07T20:27:36","guid":{"rendered":"http:\/\/www.fuldaer-nachrichten.de\/?p=149992"},"modified":"2016-04-07T22:27:36","modified_gmt":"2016-04-07T20:27:36","slug":"vernissage-im-rathaus-poppenhausen-bilderausstellung-zwischen-den-welten-von-antonia-cantalejo","status":"publish","type":"post","link":"https:\/\/www.fuldaernachrichten.de\/?p=149992","title":{"rendered":"Vernissage im Rathaus Poppenhausen &#8211; Bilderausstellung \u201eZwischen den Welten\u201c von Antonia Cantalejo"},"content":{"rendered":"<p>Antonia Cantalejo wurde als Kind spanischer Gastarbeiter in Deutschland geboren, verbrachte ihre ersten Lebensjahre in den Bergen Andalusiens und lebt inzwischen seit vielen Jahren in Deutschland.<\/p>\n<p>Seit 2015 hat sie im Poppenhausener Ortsteil Steinwand mit ihrem Lebensgef\u00e4hrten Frank Tischer ihre Wahlheimat gefunden. Mitten im Biosph\u00e4renreservat, im Land der offenen Fernen genie\u00dft sie seither Natur und Kulturlandschaft der Rh\u00f6n.<\/p>\n<p>W\u00e4hrend sie im Hauptberuf in der Finanzabteilung einer Computerfirma arbeitet, findet sie in der Freizeit ihren Ausgleich in der Malerei. Mit Leinwand und Farbe bringt sie zum Ausdruck, was viele Worte nicht leisten k\u00f6nnen. Gepr\u00e4gt durch die Gegebenheiten ihres Heimatlandes erscheinen die Gegens\u00e4tze zur deutschen Wahlheimat wie \u201eZwischen den Welten\u201c. Sowohl die klimatischen Verh\u00e4ltnisse der Jahreszeiten, die unterschiedlichen Landschaften mit der individuellen Natur und der Pflanzenwelt sowie die Menschen, deren Charaktere, die Werte und Traditionen machen die zum Teil gravierenden Unterschiede deutlich.<\/p>\n<p>Die Motive der Bilder erz\u00e4hlen von zahlreichen Themen: Das Meer, einige Landschaftsbilder, die Sonne, das Licht, der Schatten und die Dunkelheit, Menschen, Gesichter und Blickrichtungen sowie Blickverbindungen k\u00f6nnen bewundert und interpretiert werden. <\/p>\n<p>B\u00fcrgermeister Manfred Helfrich zeigte sich bei der Vernissage in seinem Gru\u00dfwort beeindruckt von den Motiven und deren Darstellung. In einer Farbenvielfalt dr\u00fccken die Bilder mit Pastell-T\u00f6nen meist eine mediterrane warme Atmosph\u00e4re aus. Es werde deutlich, dass die Malerin ein besonderes Verh\u00e4ltnis zu den Menschen, deren Beziehungen zueinander und zu den nat\u00fcrlichen Gegebenheiten habe und diese in den Bildern ausdr\u00fccke.<\/p>\n<p>Die K\u00fcnstlerin Antonia Cantalejo selbst stellte sich und ihre Freude an der Malerei den interessierten Besuchern der Vernissage vor und dankte f\u00fcr die M\u00f6glichkeit der Bilderausstellung im Rathaus. Die Bilder k\u00f6nnen dort f\u00fcr den Kauf reserviert werden.<\/p>\n<p>Die Ausstellung ist noch bis zum 20. Mai 2016 w\u00e4hrend der \u00d6ffnungszeiten des Rathauses zu sehen.<\/p>\n","protected":false},"excerpt":{"rendered":"<div class=\"tmnf_excerpt\"><p>Antonia Cantalejo wurde als Kind spanischer Gastarbeiter in Deutschland geboren, verbrachte ihre ersten Lebensjahre in den Bergen Andalusiens und lebt inzwischen seit vielen Jahren in Deutschland. Seit 2015 hat sie im Poppenhausener Ortsteil Steinwand mit ihrem Lebensgef\u00e4hrten Frank Tischer ihre Wahlheimat gefunden. Mitten im Biosph\u00e4renreservat, im Land der offenen Fernen genie\u00dft sie seither Natur und &hellip;<\/p>\n<\/div>","protected":false},"author":1,"featured_media":150005,"comment_status":"closed","ping_status":"closed","sticky":false,"template":"","format":"standard","meta":{"footnotes":""},"categories":[1],"tags":[],"class_list":["post-149992","post","type-post","status-publish","format-standard","has-post-thumbnail","hentry","category-startseite"],"_links":{"self":[{"href":"https:\/\/www.fuldaernachrichten.de\/index.php?rest_route=\/wp\/v2\/posts\/149992","targetHints":{"allow":["GET"]}}],"collection":[{"href":"https:\/\/www.fuldaernachrichten.de\/index.php?rest_route=\/wp\/v2\/posts"}],"about":[{"href":"https:\/\/www.fuldaernachrichten.de\/index.php?rest_route=\/wp\/v2\/types\/post"}],"author":[{"embeddable":true,"href":"https:\/\/www.fuldaernachrichten.de\/index.php?rest_route=\/wp\/v2\/users\/1"}],"replies":[{"embeddable":true,"href":"https:\/\/www.fuldaernachrichten.de\/index.php?rest_route=%2Fwp%2Fv2%2Fcomments&post=149992"}],"version-history":[{"count":1,"href":"https:\/\/www.fuldaernachrichten.de\/index.php?rest_route=\/wp\/v2\/posts\/149992\/revisions"}],"predecessor-version":[{"id":150006,"href":"https:\/\/www.fuldaernachrichten.de\/index.php?rest_route=\/wp\/v2\/posts\/149992\/revisions\/150006"}],"wp:featuredmedia":[{"embeddable":true,"href":"https:\/\/www.fuldaernachrichten.de\/index.php?rest_route=\/wp\/v2\/media\/150005"}],"wp:attachment":[{"href":"https:\/\/www.fuldaernachrichten.de\/index.php?rest_route=%2Fwp%2Fv2%2Fmedia&parent=149992"}],"wp:term":[{"taxonomy":"category","embeddable":true,"href":"https:\/\/www.fuldaernachrichten.de\/index.php?rest_route=%2Fwp%2Fv2%2Fcategories&post=149992"},{"taxonomy":"post_tag","embeddable":true,"href":"https:\/\/www.fuldaernachrichten.de\/index.php?rest_route=%2Fwp%2Fv2%2Ftags&post=149992"}],"curies":[{"name":"wp","href":"https:\/\/api.w.org\/{rel}","templated":true}]}}