{"id":149991,"date":"2016-04-07T22:26:09","date_gmt":"2016-04-07T20:26:09","guid":{"rendered":"http:\/\/www.fuldaer-nachrichten.de\/?p=149991"},"modified":"2016-04-07T22:26:09","modified_gmt":"2016-04-07T20:26:09","slug":"elisabeth-goldmann-und-andreas-atzert-gehoeren-mit-40-berufsjahren-zu-den-dienstaeltesten-der-caritas-werkstaetten-in-der-st-vinzenz-strasse-in-fulda-neuenberg","status":"publish","type":"post","link":"https:\/\/www.fuldaernachrichten.de\/?p=149991","title":{"rendered":"Elisabeth Goldmann und Andreas Atzert geh\u00f6ren mit 40 Berufsjahren zu den \u201eDienst\u00e4ltesten\u201c der Caritas-Werkst\u00e4tten in der St.-Vinzenz-Stra\u00dfe in Fulda-Neuenberg"},"content":{"rendered":"<p>Seit 37 Jahren befinden sich die Caritas-Werkst\u00e4tten an der St.-Vinzenz-Stra\u00dfe im Fuldaer Stadtteil Neuenberg. Diese gesamte Zeit und dar\u00fcber hinaus auch knapp drei Jahre in der Aufbauphase der Werkstatt \u2013 damals in R\u00e4umen des Priesterseminars \u2013 geh\u00f6rten Elisabeth Goldmann und Andreas Atzert als Werkstatt-Mitarbeiterin bzw. Mitarbeiter mit zum Team. Elisabeth kam am 1. April 1976 als 21-j\u00e4hrige in die Werkstatt und wurde in der N\u00e4herei ausgebildet, wo sie auch einen Gro\u00dfteil der Jahre t\u00e4tig war. Einige Zeit arbeitete sie auch in der der W\u00e4scherei, in der Montage und in der K\u00fcche der hauseigenen Kantine. Dar\u00fcber hinaus engagiert sie sich beispielsweise in der Theatergruppe der Werkst\u00e4tten, die jedes Jahr zu Weihnachtsfeier ein St\u00fcck auff\u00fchren. \u201eLetztes Jahr wollte ich ja gerne mal aussetzen\u201c, erz\u00e4hlt Elisabeth, \u201eaber die haben gesagt, sie brauchen mich! Da habe ich dann doch wieder mitgemacht.\u201c <\/p>\n<p>Andreas startete bereits als Teenager in der Caritas-Werkstatt und arbeitete seit dem Wechsel in die St.-Vinzenz-Stra\u00dfe kontinuierlich in der Metallwerkstatt. \u201eMan hat mir auch gesagt, ich solle doch mal etwas anderes ausprobieren\u201c, berichtet er. \u201eAber ich wollte nicht. Bei der Arbeit in der Metallwerkstatt kenne ich mich aus. Und es gibt doch den Spruch: Einen  alten Baum soll man nicht mehr verpflanzen\u00e2\u20ac\u00a6\u201c<br \/>\nSo unterschiedlich die berufliche Laufbahn der beiden Jubilare innerhalb der Werkst\u00e4tten verlief, so gibt es doch \u2013 au\u00dfer der Treue zur Einrichtung \u2013 auch einige Parallelen: Elisabeth und Andreas wohnen beide im Wohnheim f\u00fcr Menschen mit Behinderung in der St.-Vinzenz-Stra\u00dfe nur wenige hundert Meter von der Werkstatt entfernt. Sie beide geh\u00f6ren zur erfolgreichen Tischtennismannschaft der Werkst\u00e4tten und fahren im Sommer zu den Special Olympics in Hannover \u2013 den Nationalen Spielen f\u00fcr Menschen mit geistiger Behinderung, bei denen rund 4.800 Athletinnen und Athleten in 18 Sportarten an den Start gehen werden. Und sonst? \u201eAndreas steht jeden Freitag in unserem Wohnheim hinter der Theke\u201c, erkl\u00e4rt Elisabeth. \u201eNaja, ich komme eben aus einer Gastwirt-Familie\u201c, lacht Andreas. \u201eDa haben sie mich gefragt, ob ich das nicht auch f\u00fcrs Wohnheim machen kann einmal w\u00f6chentlich\u00e2\u20ac\u00a6 Diese Aufgabe macht mir auch viel Freude.\u201c<\/p>\n","protected":false},"excerpt":{"rendered":"<div class=\"tmnf_excerpt\"><p>Seit 37 Jahren befinden sich die Caritas-Werkst\u00e4tten an der St.-Vinzenz-Stra\u00dfe im Fuldaer Stadtteil Neuenberg. Diese gesamte Zeit und dar\u00fcber hinaus auch knapp drei Jahre in der Aufbauphase der Werkstatt \u2013 damals in R\u00e4umen des Priesterseminars \u2013 geh\u00f6rten Elisabeth Goldmann und Andreas Atzert als Werkstatt-Mitarbeiterin bzw. Mitarbeiter mit zum Team. Elisabeth kam am 1. April 1976 &hellip;<\/p>\n<\/div>","protected":false},"author":1,"featured_media":150003,"comment_status":"closed","ping_status":"closed","sticky":false,"template":"","format":"standard","meta":{"footnotes":""},"categories":[1],"tags":[],"class_list":["post-149991","post","type-post","status-publish","format-standard","has-post-thumbnail","hentry","category-startseite"],"_links":{"self":[{"href":"https:\/\/www.fuldaernachrichten.de\/index.php?rest_route=\/wp\/v2\/posts\/149991","targetHints":{"allow":["GET"]}}],"collection":[{"href":"https:\/\/www.fuldaernachrichten.de\/index.php?rest_route=\/wp\/v2\/posts"}],"about":[{"href":"https:\/\/www.fuldaernachrichten.de\/index.php?rest_route=\/wp\/v2\/types\/post"}],"author":[{"embeddable":true,"href":"https:\/\/www.fuldaernachrichten.de\/index.php?rest_route=\/wp\/v2\/users\/1"}],"replies":[{"embeddable":true,"href":"https:\/\/www.fuldaernachrichten.de\/index.php?rest_route=%2Fwp%2Fv2%2Fcomments&post=149991"}],"version-history":[{"count":1,"href":"https:\/\/www.fuldaernachrichten.de\/index.php?rest_route=\/wp\/v2\/posts\/149991\/revisions"}],"predecessor-version":[{"id":150004,"href":"https:\/\/www.fuldaernachrichten.de\/index.php?rest_route=\/wp\/v2\/posts\/149991\/revisions\/150004"}],"wp:featuredmedia":[{"embeddable":true,"href":"https:\/\/www.fuldaernachrichten.de\/index.php?rest_route=\/wp\/v2\/media\/150003"}],"wp:attachment":[{"href":"https:\/\/www.fuldaernachrichten.de\/index.php?rest_route=%2Fwp%2Fv2%2Fmedia&parent=149991"}],"wp:term":[{"taxonomy":"category","embeddable":true,"href":"https:\/\/www.fuldaernachrichten.de\/index.php?rest_route=%2Fwp%2Fv2%2Fcategories&post=149991"},{"taxonomy":"post_tag","embeddable":true,"href":"https:\/\/www.fuldaernachrichten.de\/index.php?rest_route=%2Fwp%2Fv2%2Ftags&post=149991"}],"curies":[{"name":"wp","href":"https:\/\/api.w.org\/{rel}","templated":true}]}}