{"id":149990,"date":"2016-04-07T22:23:52","date_gmt":"2016-04-07T20:23:52","guid":{"rendered":"http:\/\/www.fuldaer-nachrichten.de\/?p=149990"},"modified":"2016-04-07T22:23:52","modified_gmt":"2016-04-07T20:23:52","slug":"ratgeber-der-verbraucherzentralen-legt-grundstein-fuer-einen-gesunden-start-ins-leben","status":"publish","type":"post","link":"https:\/\/www.fuldaernachrichten.de\/?p=149990","title":{"rendered":"Ratgeber der Verbraucherzentralen legt Grundstein f\u00fcr einen gesunden Start ins Leben"},"content":{"rendered":"<p>Frischgebackene Eltern haben viele Fragen: Stillen ja \u2013 aber wie lange? Selberkochen oder Fertigkost? Was tun bei Allergien? Die Lebensmittelhersteller tragen mit einem un\u00fcberschaubaren Angebot an Lebensmitteln, die speziell f\u00fcr S\u00e4uglinge und Kleinkinder hergestellt wurden, zur Verunsicherung bei. \u201eOb Babykekse, Kindermilch f\u00fcr Zwei- und Dreij\u00e4hrige oder Obstmus aus dem Quetschbeutel \u2013 vieles ist \u00fcberfl\u00fcssig oder unsinnig. Teuer sind die Produkte meist auch\u201c, warnt Wiebke Franz von der Verbraucherzentrale Hessen. Der Ratgeber \u201eGesunde Ern\u00e4hrung von Anfang an\u201c erl\u00e4utert, welches Essen Kinder in den ersten Lebensjahren wirklich brauchen. <\/p>\n<p>Eltern wollen nur das Beste f\u00fcr ihre Kinder, auch in Sachen Ern\u00e4hrung. Doch sie sind meist unsicher, ob Bio- oder Normalkost besser ist, ab wann Obstmus, Gem\u00fcse- und Getreidebrei an der Reihe sind und auf was sie bei Gl\u00e4schenkost achten sollten.<br \/>\nDer komplett \u00fcberarbeitete Ratgeber \u201eGesunde Ern\u00e4hrung von Anfang an\u201c beantwortet die wichtigsten Fragen, liefert Informationen zum Thema Stillen und erkl\u00e4rt, worauf beim Kauf von S\u00e4uglingsmilch, Kindergetr\u00e4nken und Fertigbrei zu achten ist. Hinweise zur Ern\u00e4hrungserziehung finden ebenso Platz wie Empfehlungen zur Allergievorbeugung oder f\u00fcr eine vegetarische S\u00e4uglingsern\u00e4hrung. Zahlreiche Tipps, Checklisten, Rezeptvorschl\u00e4ge und ein \u00fcbersichtlicher Ern\u00e4hrungsfahrplan f\u00fcrs erste Lebensjahr helfen, dem Nachwuchs einen gesunden Start ins Leben zu erm\u00f6glichen.<br \/>\nDen Ratgeber \u201eGesunde Ern\u00e4hrung von Anfang an\u201c gibt es zum Abholpreis von 7,90 \u00e2\u201a\u00ac in der Verbraucherzentrale Hessen, Beratungsstelle Fulda, Karlstr. 2. F\u00fcr zus\u00e4tzlich 2,50 \u00e2\u201a\u00ac bei Einzelversand kommt er auch ins Haus. F\u00fcr 6,49 \u00e2\u201a\u00ac steht er als E-Book zum Download bereit unter www.vz-ratgeber.de. <\/p>\n<p>Bestellm\u00f6glichkeiten: Versandservice der Verbraucherzentralen,<br \/>\nHimmelgeister Stra\u00dfe 70, 40225 D\u00fcsseldorf<br \/>\nBestell-Telefon: (0211) 38 09 &#8211; 555,\tBestell-Fax: (0211) 38 09 &#8211; 235<br \/>\nE-Mail: ratgeber@vz-nrw.de<\/p>\n","protected":false},"excerpt":{"rendered":"<div class=\"tmnf_excerpt\"><p>Frischgebackene Eltern haben viele Fragen: Stillen ja \u2013 aber wie lange? Selberkochen oder Fertigkost? Was tun bei Allergien? Die Lebensmittelhersteller tragen mit einem un\u00fcberschaubaren Angebot an Lebensmitteln, die speziell f\u00fcr S\u00e4uglinge und Kleinkinder hergestellt wurden, zur Verunsicherung bei. \u201eOb Babykekse, Kindermilch f\u00fcr Zwei- und Dreij\u00e4hrige oder Obstmus aus dem Quetschbeutel \u2013 vieles ist \u00fcberfl\u00fcssig oder &hellip;<\/p>\n<\/div>","protected":false},"author":1,"featured_media":149999,"comment_status":"closed","ping_status":"closed","sticky":false,"template":"","format":"standard","meta":{"footnotes":""},"categories":[1],"tags":[],"class_list":["post-149990","post","type-post","status-publish","format-standard","has-post-thumbnail","hentry","category-startseite"],"_links":{"self":[{"href":"https:\/\/www.fuldaernachrichten.de\/index.php?rest_route=\/wp\/v2\/posts\/149990","targetHints":{"allow":["GET"]}}],"collection":[{"href":"https:\/\/www.fuldaernachrichten.de\/index.php?rest_route=\/wp\/v2\/posts"}],"about":[{"href":"https:\/\/www.fuldaernachrichten.de\/index.php?rest_route=\/wp\/v2\/types\/post"}],"author":[{"embeddable":true,"href":"https:\/\/www.fuldaernachrichten.de\/index.php?rest_route=\/wp\/v2\/users\/1"}],"replies":[{"embeddable":true,"href":"https:\/\/www.fuldaernachrichten.de\/index.php?rest_route=%2Fwp%2Fv2%2Fcomments&post=149990"}],"version-history":[{"count":1,"href":"https:\/\/www.fuldaernachrichten.de\/index.php?rest_route=\/wp\/v2\/posts\/149990\/revisions"}],"predecessor-version":[{"id":150000,"href":"https:\/\/www.fuldaernachrichten.de\/index.php?rest_route=\/wp\/v2\/posts\/149990\/revisions\/150000"}],"wp:featuredmedia":[{"embeddable":true,"href":"https:\/\/www.fuldaernachrichten.de\/index.php?rest_route=\/wp\/v2\/media\/149999"}],"wp:attachment":[{"href":"https:\/\/www.fuldaernachrichten.de\/index.php?rest_route=%2Fwp%2Fv2%2Fmedia&parent=149990"}],"wp:term":[{"taxonomy":"category","embeddable":true,"href":"https:\/\/www.fuldaernachrichten.de\/index.php?rest_route=%2Fwp%2Fv2%2Fcategories&post=149990"},{"taxonomy":"post_tag","embeddable":true,"href":"https:\/\/www.fuldaernachrichten.de\/index.php?rest_route=%2Fwp%2Fv2%2Ftags&post=149990"}],"curies":[{"name":"wp","href":"https:\/\/api.w.org\/{rel}","templated":true}]}}