{"id":149768,"date":"2016-03-30T12:58:47","date_gmt":"2016-03-30T10:58:47","guid":{"rendered":"http:\/\/www.fuldaer-nachrichten.de\/?p=149768"},"modified":"2016-03-30T12:58:47","modified_gmt":"2016-03-30T10:58:47","slug":"dr-gerhard-lang-uebergibt-nach-ueber-33-jahren-seinen-anteil-der-praxis-und-hno-belegabteilung-der-helios-klinik-an-nachfolger","status":"publish","type":"post","link":"https:\/\/www.fuldaernachrichten.de\/?p=149768","title":{"rendered":"Dr. Gerhard Lang \u00fcbergibt nach \u00fcber 33 Jahren seinen Anteil der Praxis und HNO-Belegabteilung der HELIOS Klinik an Nachfolger"},"content":{"rendered":"<p>Am H\u00fcnfelder Krankenhaus ist er ohne Zweifel eine \u201emedizinische Institution\u201c und der dienst\u00e4lteste Mediziner der Klinik. Nach 33 Dienstjahren in H\u00fcnfeld geht der Hals-Nasen-Ohren-Arzt Dr. Gerhard Lang in den Ruhestand. Wie Klinikgesch\u00e4ftsf\u00fchrerin Sandra Henek mitteilt, hat er in dieser Zeit allein rund 25 000 Patienten station\u00e4r an der Klinik gemeinsam mit seinem Praxiskollegen Dr. Ralf Liebetrau behandelt. Zum 1. April gibt er den Staffelstab sowohl in der Praxis im H\u00fcnfelder \u00c4rztehaus als auch in der Belegabteilung in der Klinik an seinen j\u00fcngeren Kollegen Dr. Malte Kollert weiter, der vom Klinikum Fulda nach H\u00fcnfeld wechselt.<\/p>\n<p>Wie sehr Dr. Lang, der in den ersten 10 Jahren sowohl Praxis als auch Belegabteilung alleine gef\u00fchrt hatte, zu einer Institution f\u00fcr die gesamte Region geworden ist, wird nicht zuletzt an dem gro\u00dfen Einzugsbereich deutlich. Die Patienten kommen nicht nur aus dem H\u00fcnfelder Land, sondern weit dar\u00fcber hinaus, auch aus dem Fuldaer Raum, dem Geisaer Amt, aus der Bad Hersfelder Region und dem Vogelsberg. Seinen hervorragenden Ruf habe sich Dr. Gerhard Lang nicht nur als au\u00dferordentlich kompetenter Mediziner erworben, sondern auch durch seine besondere Einsatzfreude am Dienst an den Menschen, erkl\u00e4rte Henek. Die ersten zehn Jahre stand er jedes Wochenende pers\u00f6nlich seinen Patienten zur Verf\u00fcgung, bis er sich dann mit seinem Praxiskollegen Dr. Liebetrau abwechseln konnte. Mit einer \u00fcblichen Regelarbeitszeit sei er dabei nie ausgekommen, sondern war f\u00fcr seine Patienten rund um die Uhr erreichbar. Auch im \u00e4rztlichen Kollegium der Klinik habe sich der erfahrene Mediziner hohe Wertsch\u00e4tzung erworben, sagt die Gesch\u00e4ftsf\u00fchrerin, die sich dar\u00fcber freut, dass mit Dr. Kollert ein kompetenter und engagierter Nachfolger gefunden werden konnte. Die HNO-Abteilung sei f\u00fcr die Klinik ein wichtiger Baustein im Versorgungsauftrag und habe sich zu einem Markenzeichen f\u00fcr das Haus mit einer weit \u00fcber die Region hinausreichenden Ausstrahlung entwickelt. Dr. Lang habe stets viel Einf\u00fchlungsverm\u00f6gen bewiesen, zumal zu seinen Patienten oft kleine Kinder geh\u00f6rten. Sein operatives Spektrum reichte von der Entfernung der Mandeln und Rachenmandeln, \u00fcber Korrekturen der Nasescheidewand und der Nasennebenh\u00f6hlen bis hin zu plastischen Korrekturen im Hals-Nasen-Ohren-Bereich.<\/p>\n<p>\u201eNicht nur in medizinischen Belangen sondern oft auch in strategischen Entscheidungen konnte ich jederzeit auf den guten Rat von Dr. Lang z\u00e4hlen.\u00c2\u00a0 Seine langj\u00e4hrige Erfahrung, die gute Einsch\u00e4tzung der regionalen Gesundheitslandschaft und seine unkonventionelle Art waren immer sehr wertvoll f\u00fcr mich. Das wird mir fehlen. Wir sind sicher, dass Dr. Liebetrau gemeinsam mit Dr. Kollert die hohen Ma\u00dfst\u00e4be, die durch Dr. Lang in 33 Jahren gesetzt werden konnten, auch weiterhin G\u00fcltigkeit behalten werden.\u201c, sagt Sandra Henek.<\/p>\n","protected":false},"excerpt":{"rendered":"<div class=\"tmnf_excerpt\"><p>Am H\u00fcnfelder Krankenhaus ist er ohne Zweifel eine \u201emedizinische Institution\u201c und der dienst\u00e4lteste Mediziner der Klinik. Nach 33 Dienstjahren in H\u00fcnfeld geht der Hals-Nasen-Ohren-Arzt Dr. Gerhard Lang in den Ruhestand. Wie Klinikgesch\u00e4ftsf\u00fchrerin Sandra Henek mitteilt, hat er in dieser Zeit allein rund 25 000 Patienten station\u00e4r an der Klinik gemeinsam mit seinem Praxiskollegen Dr. Ralf &hellip;<\/p>\n<\/div>","protected":false},"author":1,"featured_media":149777,"comment_status":"closed","ping_status":"closed","sticky":false,"template":"","format":"standard","meta":{"footnotes":""},"categories":[51],"tags":[],"class_list":["post-149768","post","type-post","status-publish","format-standard","has-post-thumbnail","hentry","category-medizin"],"_links":{"self":[{"href":"https:\/\/www.fuldaernachrichten.de\/index.php?rest_route=\/wp\/v2\/posts\/149768","targetHints":{"allow":["GET"]}}],"collection":[{"href":"https:\/\/www.fuldaernachrichten.de\/index.php?rest_route=\/wp\/v2\/posts"}],"about":[{"href":"https:\/\/www.fuldaernachrichten.de\/index.php?rest_route=\/wp\/v2\/types\/post"}],"author":[{"embeddable":true,"href":"https:\/\/www.fuldaernachrichten.de\/index.php?rest_route=\/wp\/v2\/users\/1"}],"replies":[{"embeddable":true,"href":"https:\/\/www.fuldaernachrichten.de\/index.php?rest_route=%2Fwp%2Fv2%2Fcomments&post=149768"}],"version-history":[{"count":1,"href":"https:\/\/www.fuldaernachrichten.de\/index.php?rest_route=\/wp\/v2\/posts\/149768\/revisions"}],"predecessor-version":[{"id":149778,"href":"https:\/\/www.fuldaernachrichten.de\/index.php?rest_route=\/wp\/v2\/posts\/149768\/revisions\/149778"}],"wp:featuredmedia":[{"embeddable":true,"href":"https:\/\/www.fuldaernachrichten.de\/index.php?rest_route=\/wp\/v2\/media\/149777"}],"wp:attachment":[{"href":"https:\/\/www.fuldaernachrichten.de\/index.php?rest_route=%2Fwp%2Fv2%2Fmedia&parent=149768"}],"wp:term":[{"taxonomy":"category","embeddable":true,"href":"https:\/\/www.fuldaernachrichten.de\/index.php?rest_route=%2Fwp%2Fv2%2Fcategories&post=149768"},{"taxonomy":"post_tag","embeddable":true,"href":"https:\/\/www.fuldaernachrichten.de\/index.php?rest_route=%2Fwp%2Fv2%2Ftags&post=149768"}],"curies":[{"name":"wp","href":"https:\/\/api.w.org\/{rel}","templated":true}]}}