{"id":149660,"date":"2016-03-26T09:37:40","date_gmt":"2016-03-26T08:37:40","guid":{"rendered":"http:\/\/www.fuldaer-nachrichten.de\/?p=149660"},"modified":"2016-03-26T09:37:40","modified_gmt":"2016-03-26T08:37:40","slug":"knotenpunkt-vor-der-feuerwache-in-fulda-wird-umgebaut","status":"publish","type":"post","link":"https:\/\/www.fuldaernachrichten.de\/?p=149660","title":{"rendered":"Knotenpunkt vor der Feuerwache in Fulda wird umgebaut"},"content":{"rendered":"<p>Beim Umbau des Knotenpunkts vor der Feuerwache in Fulda m\u00fcssen die Unterf\u00fchrung verbreitert und zwei St\u00fctzw\u00e4nde neu errichtet\u00c2\u00a0 werden. Von den Kosten in H\u00f6he von 950.500 Euro entfallen 182.000 Euro auf den Landkreis, weil von der Bauma\u00dfnahme auch die Kreisstra\u00dfe 164 betroffen ist. F\u00fcr 146.500 Euro wird die Fahrbahn der Kreisstra\u00dfen 82 und 79 in der Ortsdurchfahrt Schweben erneuert.<\/p>\n","protected":false},"excerpt":{"rendered":"<div class=\"tmnf_excerpt\"><p>Beim Umbau des Knotenpunkts vor der Feuerwache in Fulda m\u00fcssen die Unterf\u00fchrung verbreitert und zwei St\u00fctzw\u00e4nde neu errichtet\u00c2\u00a0 werden. Von den Kosten in H\u00f6he von 950.500 Euro entfallen 182.000 Euro auf den Landkreis, weil von der Bauma\u00dfnahme auch die Kreisstra\u00dfe 164 betroffen ist. F\u00fcr 146.500 Euro wird die Fahrbahn der Kreisstra\u00dfen 82 und 79 in &hellip;<\/p>\n<\/div>","protected":false},"author":1,"featured_media":0,"comment_status":"closed","ping_status":"closed","sticky":false,"template":"","format":"standard","meta":{"footnotes":""},"categories":[71],"tags":[],"class_list":["post-149660","post","type-post","status-publish","format-standard","hentry","category-feuerwehr"],"_links":{"self":[{"href":"https:\/\/www.fuldaernachrichten.de\/index.php?rest_route=\/wp\/v2\/posts\/149660","targetHints":{"allow":["GET"]}}],"collection":[{"href":"https:\/\/www.fuldaernachrichten.de\/index.php?rest_route=\/wp\/v2\/posts"}],"about":[{"href":"https:\/\/www.fuldaernachrichten.de\/index.php?rest_route=\/wp\/v2\/types\/post"}],"author":[{"embeddable":true,"href":"https:\/\/www.fuldaernachrichten.de\/index.php?rest_route=\/wp\/v2\/users\/1"}],"replies":[{"embeddable":true,"href":"https:\/\/www.fuldaernachrichten.de\/index.php?rest_route=%2Fwp%2Fv2%2Fcomments&post=149660"}],"version-history":[{"count":1,"href":"https:\/\/www.fuldaernachrichten.de\/index.php?rest_route=\/wp\/v2\/posts\/149660\/revisions"}],"predecessor-version":[{"id":149661,"href":"https:\/\/www.fuldaernachrichten.de\/index.php?rest_route=\/wp\/v2\/posts\/149660\/revisions\/149661"}],"wp:attachment":[{"href":"https:\/\/www.fuldaernachrichten.de\/index.php?rest_route=%2Fwp%2Fv2%2Fmedia&parent=149660"}],"wp:term":[{"taxonomy":"category","embeddable":true,"href":"https:\/\/www.fuldaernachrichten.de\/index.php?rest_route=%2Fwp%2Fv2%2Fcategories&post=149660"},{"taxonomy":"post_tag","embeddable":true,"href":"https:\/\/www.fuldaernachrichten.de\/index.php?rest_route=%2Fwp%2Fv2%2Ftags&post=149660"}],"curies":[{"name":"wp","href":"https:\/\/api.w.org\/{rel}","templated":true}]}}