{"id":149459,"date":"2016-03-21T18:55:20","date_gmt":"2016-03-21T17:55:20","guid":{"rendered":"http:\/\/www.fuldaer-nachrichten.de\/?p=149459"},"modified":"2016-03-21T18:55:20","modified_gmt":"2016-03-21T17:55:20","slug":"ausbildung-zum-chemisch-technischen-assistenten-besuch-der-fachmesse-fuer-labortechnik-labsupply-in-frankfurt","status":"publish","type":"post","link":"https:\/\/www.fuldaernachrichten.de\/?p=149459","title":{"rendered":"Ausbildung zum Chemisch-Technischen Assistenten &#8211; Besuch der Fachmesse f\u00fcr Labortechnik \u201eLabSupply\u201c in Frankfurt"},"content":{"rendered":"<p>K\u00fcrzlich besuchten Auszubildende zum Chemisch-Technischen Assistenten mit ihren lehrern Susanne Weikart und Dr. Michael Horn die Labormesse LabSupply in Frankfurt, wo die neuesten Ger\u00e4te der instrumentellen Analytik pr\u00e4sentiert wurden. In Gespr\u00e4chen mit Firmenvertretern der Ger\u00e4tehersteller wurden die Sch\u00fclerinnen und Sch\u00fcler die Ausstattung moderner Laboratorien der Industrie informiert. Zus\u00e4tzlich wurden anspruchsvolle Vortr\u00e4ge aus verschiedenen Gebieten der Analytik angeboten. Auch hier zeigte sich einmal mehr, dass Chemisch-Technische Assistenten nachgefragte Fachkr\u00e4fte sind. Ein direkter Berufseinstieg ist in der Regel m\u00f6glich.<\/p>\n<p>Die Eduard-Stieler-Schule bietet Sch\u00fclerinnen und Sch\u00fclern mit mittlerem Abschluss oder der Zulassung zur gymnasialen Oberstufe eine zweij\u00e4hrige, vollschulische Ausbildung zum\/zur Staatlich gepr\u00fcften Chemisch-Technischen Assistenten\/in (CTA) an.  Diese Ausbildung ist vergleichbar mit der dualen Ausbildung zum\/zur Chemielaborant\/in und qualifiziert f\u00fcr eine Berufst\u00e4tigkeit als Fachkraft in einem analytischen Labor. Sie beginnt jeweils nach den Sommerferien. Anmeldeschluss ist der 30.04.2016.<\/p>\n<p>CTA arbeiten in der Regel im Labor und werden \u00fcberwiegend in den Abteilungen \u201eQualit\u00e4tssicherung\u201c und \u201eForschung und Entwicklung\u201c eingesetzt. M\u00f6gliche Arbeitgeber sind dabei Industriebetriebe aus der Lebensmittel-, Reinigungsmittel-, Kosmetik-industrie oder der Pharmazeutischen Industrie sowie Umweltlaboratorien, Universit\u00e4tsinstitute oder Untersuchungs\u00e4mter. Weitere Einsatzm\u00f6glichkeiten ergeben sich in biotechnologischen und medizinischen Bereichen bei der Entwicklung von neuen Produkten, Qualit\u00e4tspr\u00fcfungen von Rohstoffen, Halbfertig- und Fertigerzeugnissen oder Prozesskontrollen.<\/p>\n<p>Interessierte werden gebeten sich telefonisch (0661 969540) oder per Mail (poststelle@eduard-stieler.fulda.schulverwaltung.hessen.de) bei der Eduard-Stieler-Schule zu melden.<\/p>\n","protected":false},"excerpt":{"rendered":"<div class=\"tmnf_excerpt\"><p>K\u00fcrzlich besuchten Auszubildende zum Chemisch-Technischen Assistenten mit ihren lehrern Susanne Weikart und Dr. Michael Horn die Labormesse LabSupply in Frankfurt, wo die neuesten Ger\u00e4te der instrumentellen Analytik pr\u00e4sentiert wurden. In Gespr\u00e4chen mit Firmenvertretern der Ger\u00e4tehersteller wurden die Sch\u00fclerinnen und Sch\u00fcler die Ausstattung moderner Laboratorien der Industrie informiert. Zus\u00e4tzlich wurden anspruchsvolle Vortr\u00e4ge aus verschiedenen Gebieten der &hellip;<\/p>\n<\/div>","protected":false},"author":1,"featured_media":149470,"comment_status":"closed","ping_status":"closed","sticky":false,"template":"","format":"standard","meta":{"footnotes":""},"categories":[53],"tags":[],"class_list":["post-149459","post","type-post","status-publish","format-standard","has-post-thumbnail","hentry","category-bildung"],"_links":{"self":[{"href":"https:\/\/www.fuldaernachrichten.de\/index.php?rest_route=\/wp\/v2\/posts\/149459","targetHints":{"allow":["GET"]}}],"collection":[{"href":"https:\/\/www.fuldaernachrichten.de\/index.php?rest_route=\/wp\/v2\/posts"}],"about":[{"href":"https:\/\/www.fuldaernachrichten.de\/index.php?rest_route=\/wp\/v2\/types\/post"}],"author":[{"embeddable":true,"href":"https:\/\/www.fuldaernachrichten.de\/index.php?rest_route=\/wp\/v2\/users\/1"}],"replies":[{"embeddable":true,"href":"https:\/\/www.fuldaernachrichten.de\/index.php?rest_route=%2Fwp%2Fv2%2Fcomments&post=149459"}],"version-history":[{"count":1,"href":"https:\/\/www.fuldaernachrichten.de\/index.php?rest_route=\/wp\/v2\/posts\/149459\/revisions"}],"predecessor-version":[{"id":149471,"href":"https:\/\/www.fuldaernachrichten.de\/index.php?rest_route=\/wp\/v2\/posts\/149459\/revisions\/149471"}],"wp:featuredmedia":[{"embeddable":true,"href":"https:\/\/www.fuldaernachrichten.de\/index.php?rest_route=\/wp\/v2\/media\/149470"}],"wp:attachment":[{"href":"https:\/\/www.fuldaernachrichten.de\/index.php?rest_route=%2Fwp%2Fv2%2Fmedia&parent=149459"}],"wp:term":[{"taxonomy":"category","embeddable":true,"href":"https:\/\/www.fuldaernachrichten.de\/index.php?rest_route=%2Fwp%2Fv2%2Fcategories&post=149459"},{"taxonomy":"post_tag","embeddable":true,"href":"https:\/\/www.fuldaernachrichten.de\/index.php?rest_route=%2Fwp%2Fv2%2Ftags&post=149459"}],"curies":[{"name":"wp","href":"https:\/\/api.w.org\/{rel}","templated":true}]}}