{"id":149350,"date":"2016-03-17T11:55:53","date_gmt":"2016-03-17T10:55:53","guid":{"rendered":"http:\/\/www.fuldaer-nachrichten.de\/?p=149350"},"modified":"2016-03-17T11:55:53","modified_gmt":"2016-03-17T10:55:53","slug":"zukunft-der-adac-rallye-deutschland-bis-2020-gesichert","status":"publish","type":"post","link":"https:\/\/www.fuldaernachrichten.de\/?p=149350","title":{"rendered":"Zukunft der ADAC Rallye Deutschland bis 2020 gesichert"},"content":{"rendered":"<p>Die Zukunft der ADAC Rallye Deutschland ist bis einschlie\u00dflich 2020 gesichert. Das Pr\u00e4sidium des ADAC e.V. hat vorzeitig der Verl\u00e4ngerung des deutschen Laufs zur FIA Rallye-Weltmeisterschaft (WRC) um weitere vier Jahre zugestimmt und damit den Weg f\u00fcr die langfristige Fortf\u00fchrung der Veranstaltung geebnet. Bei der ADAC Rallye Deutschland engagieren sich alle 18 ADAC Regionalclubs mit mehr als 3.000 ehrenamtlichen Helferinnen und Helfern. Das macht die ADAC Rallye Deutschland zu einer gro\u00dfen motorsportlichen Gemeinschaftsleistung des Automobilclubs. Der deutsche WM-Lauf findet in diesem Jahr vom 18. bis 21. August in der Region um Trier statt.<\/p>\n<p>Die ADAC Rallye Deutschland ist seit dem Jahr 2002 fester Bestandteil des WM-Kalenders und wird in diesem Jahr zum 14. Mal als Weltmeisterschaftslauf ausgetragen. Im vergangenen Jahr besuchten rund 225.000 Zuschauer eine der publikumstr\u00e4chtigsten nationalen Sportveranstaltungen. Um die Rallye nachhaltig fortf\u00fchren zu k\u00f6nnen und auch international etatm\u00e4\u00dfig weiterhin konkurrenzf\u00e4hig zu bleiben, wird die ADAC Rallye Deutschland ab 2017 vom ADAC Saarland e.V. federf\u00fchrend sportlich organisiert. Das hat die ADAC-Sportkommission, das Gremium aller Sportleiter der ADAC-Regionalclubs, beschlossen.<\/p>\n<p>&#8220;Die ADAC Rallye Deutschland wird auch in den kommenden Jahren Weltklasse-Rallyesport in Deutschland zeigen. Ich freue mich, dass wir die Zukunft der Veranstaltung bis mindestens zum Jahr 2020 gesichert haben&#8221;, sagt ADAC-Sportpr\u00e4sident Hermann Tomczyk. &#8220;Die ADAC Rallye Deutschland ist eine der wichtigsten Veranstaltungen im deutschen Motorsport. Sie genie\u00dft als einzige Veranstaltung, bei der alle 18 ADAC-Regionalclubs und zahlreiche Ortsclubs in die Organisation mit eingebunden sind, innerhalb des ADAC einen einzigartigen Stellenwert. Der ADAC Saarland hat jetzt die Aufgabe, in den kommenden Monaten sein tragf\u00e4higes, zukunftsweisendes Konzept zu finalisieren, das die Charakteristik der ADAC Rallye Deutschland erh\u00e4lt und mit einem effizienteren Streckenmanagement neue Highlights setzt.&#8221;<\/p>\n<p>Der Vorsitzende des ADAC Saarland, Karl-Heinz Finkler, freut sich \u00fcber die neue Aufgabe: &#8220;Wir gehen davon aus, dass wir so umfangreich wie m\u00f6glich in den bestehenden Strukturen weiterarbeiten und diese mit unseren Rallye-Fachleuten erg\u00e4nzen. Wir werden die ADAC Rallye Deutschland kompakter gestalten ohne, dass sie von ihrem einzigartigen Charakter einb\u00fc\u00dft. Die Sicherheitsaspekte und der Bereich der Zuschauerlenkung liegen uns dabei besonders am Herzen. Es freut uns, dass uns die Landesregierung des Saarlands insbesondere im organisatorischen Bereich umfassende Unterst\u00fctzung zugesagt hat.&#8221;<\/p>\n<p>Infos zur ADAC Rallye Deutschland:<\/p>\n<p>Die ADAC Rallye Deutschland hat weltweit einen einzigartigen Ruf. Die Mischung aus engen Pr\u00fcfungen in den Mosel-Weinbergen, harten Pisten auf dem Truppen\u00fcbungsplatz Baumholder sowie schnellen Asphalt-Stra\u00dfen stellen die Teams und Fahrer vor gro\u00dfe Herausforderungen. Hier sind K\u00f6nnen und Vielseitigkeit gefragt. St\u00e4ndige Abwechslung, hochklassige Action und gro\u00dfe Fan-N\u00e4he machen den deutschen Weltmeisterschaftslauf auch bei den Zuschauern so beliebt. Jahr f\u00fcr Jahr lockt die Gro\u00dfveranstaltung ein begeistertes Publikum aus ganz Europa an, das der ADAC Rallye Deutschland zudem ein spezielles internationales Flair verleiht.<\/p>\n","protected":false},"excerpt":{"rendered":"<div class=\"tmnf_excerpt\"><p>Die Zukunft der ADAC Rallye Deutschland ist bis einschlie\u00dflich 2020 gesichert. Das Pr\u00e4sidium des ADAC e.V. hat vorzeitig der Verl\u00e4ngerung des deutschen Laufs zur FIA Rallye-Weltmeisterschaft (WRC) um weitere vier Jahre zugestimmt und damit den Weg f\u00fcr die langfristige Fortf\u00fchrung der Veranstaltung geebnet. Bei der ADAC Rallye Deutschland engagieren sich alle 18 ADAC Regionalclubs mit &hellip;<\/p>\n<\/div>","protected":false},"author":1,"featured_media":149362,"comment_status":"closed","ping_status":"closed","sticky":false,"template":"","format":"standard","meta":{"footnotes":""},"categories":[35,46],"tags":[],"class_list":["post-149350","post","type-post","status-publish","format-standard","has-post-thumbnail","hentry","category-auto","category-sport"],"_links":{"self":[{"href":"https:\/\/www.fuldaernachrichten.de\/index.php?rest_route=\/wp\/v2\/posts\/149350","targetHints":{"allow":["GET"]}}],"collection":[{"href":"https:\/\/www.fuldaernachrichten.de\/index.php?rest_route=\/wp\/v2\/posts"}],"about":[{"href":"https:\/\/www.fuldaernachrichten.de\/index.php?rest_route=\/wp\/v2\/types\/post"}],"author":[{"embeddable":true,"href":"https:\/\/www.fuldaernachrichten.de\/index.php?rest_route=\/wp\/v2\/users\/1"}],"replies":[{"embeddable":true,"href":"https:\/\/www.fuldaernachrichten.de\/index.php?rest_route=%2Fwp%2Fv2%2Fcomments&post=149350"}],"version-history":[{"count":1,"href":"https:\/\/www.fuldaernachrichten.de\/index.php?rest_route=\/wp\/v2\/posts\/149350\/revisions"}],"predecessor-version":[{"id":149363,"href":"https:\/\/www.fuldaernachrichten.de\/index.php?rest_route=\/wp\/v2\/posts\/149350\/revisions\/149363"}],"wp:featuredmedia":[{"embeddable":true,"href":"https:\/\/www.fuldaernachrichten.de\/index.php?rest_route=\/wp\/v2\/media\/149362"}],"wp:attachment":[{"href":"https:\/\/www.fuldaernachrichten.de\/index.php?rest_route=%2Fwp%2Fv2%2Fmedia&parent=149350"}],"wp:term":[{"taxonomy":"category","embeddable":true,"href":"https:\/\/www.fuldaernachrichten.de\/index.php?rest_route=%2Fwp%2Fv2%2Fcategories&post=149350"},{"taxonomy":"post_tag","embeddable":true,"href":"https:\/\/www.fuldaernachrichten.de\/index.php?rest_route=%2Fwp%2Fv2%2Ftags&post=149350"}],"curies":[{"name":"wp","href":"https:\/\/api.w.org\/{rel}","templated":true}]}}