{"id":149327,"date":"2016-03-17T11:43:27","date_gmt":"2016-03-17T10:43:27","guid":{"rendered":"http:\/\/www.fuldaer-nachrichten.de\/?p=149327"},"modified":"2016-03-17T11:43:27","modified_gmt":"2016-03-17T10:43:27","slug":"ausbau-ice-strecke-fulda-frankfurt-fest-verankert-im-neuen-bundesverkehrswegeplan-mdb-michael-brand-bestaetigung-langjaehriger-bemuehungen-wichtiger-schritt-auf-l","status":"publish","type":"post","link":"https:\/\/www.fuldaernachrichten.de\/?p=149327","title":{"rendered":"Ausbau ICE-Strecke Fulda-Frankfurt \u201efest verankert\u201c im neuen Bundesverkehrswegeplan MdB Michael Brand: \u201eBest\u00e4tigung langj\u00e4hriger Bem\u00fchungen \u2013 Wichtiger Schritt auf langem Weg\u201c"},"content":{"rendered":"<p>Die \u201efeste Verankerung\u201c der ICE-Ausbaustrecke Fulda-Frankfurt im heute von Bundesverkehrsminister Alexander Dobrindt in Berlin vorgestellten Bundesverkehrswegeplan (BVWP) bezeichnete der heimische Wahlkreisabgeordnete Michael Brand als \u201eBest\u00e4tigung langj\u00e4hriger Bem\u00fchungen um dieses national und f\u00fcr Osthessen strategische Verkehrsprojekt\u201c. Die Strecke Fulda-Frankfurt liege mit ihrem Kosten-Nutzen-Verh\u00e4ltnis \u201ebesser als viele andere und hat sich gut im Feld der Projekte verankert\u201c.<\/p>\n<p>\u201eDie feste Verankerung im Vordringlichen Bedarf hat auch etwas mit den vielen Initiativen zu tun, die wir seit Jahren angeschoben haben\u201c, betonte Brand und verwies auf eine Vielzahl von Gespr\u00e4chen in der Vergangenheit und aktuell mit der Bundesregierung, der hessischen Landesregierung und Kollegen im Deutschen Bundestag. Es sei ein \u201ewichtiger Erfolg, dass trotz der hohen Kosten unser Projekt auf einem seri\u00f6s ermittelten und guten Platz im BVWP steht, und zwar im neuen vordringlichen Bedarf\u201c.<\/p>\n<p>Nun gehe es \u201ein den n\u00e4chsten Jahren weiter darum, f\u00fcr die konkrete Realisierung der Ma\u00dfnahme zu arbeiten und das erfordert langen Atem\u201c, so der Wahlkreisabgeordnete. Die Arbeit im sog. Dialogforum der Deutschen Bahn, dem er auch selbst angeh\u00f6rt, wertete Brand als ein \u201esehr konkretes und wichtiges Instrument, um Schritt f\u00fcr Schritt zum Ziel zu kommen.\u201c Als Wahlkreisabgeordneter werde er gemeinsam mit Verb\u00fcndeten im Bund, Land und vor Ort \u201enicht locker lassen, bis das auch strategisch wichtige Projekte f\u00fcr unsere Heimat Realit\u00e4t ist\u201c. Jetzt m\u00fcssten die n\u00e4chsten Schritte mit Blick auf das Planungsverfahren angepackt werden. Bis Anfang 2017 k\u00f6nne die Streckenf\u00fchrung zwischen Gelnhausen und Fulda ermittelt werden.<\/p>\n<p>Im neuen BVWP hei\u00dft es dazu konkret: der \u201eAlternativentscheid der NBS (Neubaustrecke) Gelnhausen-Mottgers oder ABS (Ausbaustrecke)\/ NBS Gelnhausen-Fulda \/ Aschaffenburg-Nantenbach erfolgt in der weiteren Planung durch den Vorhabentr\u00e4ger\u201c.<\/p>\n<p>Zum weiteren Verfahren und zur \u00d6ffentlichkeitsbeteiligung finden Sie hier weitere Informationen:<\/p>\n<p>\u00d6ffentlichkeitsbeteiligung:<br \/>\nDie breite \u00d6ffentlichkeitsbeteiligung ist eine der wesentlichen Neuerungen bei diesem Bundesverkehrswegeplan. Ziel ist es, die B\u00fcrger m\u00f6glichst fr\u00fchzeitig mit einzubinden. Das Bundesministerium f\u00fcr Verkehr und digitale Infrastruktur wird ab dem 21. M\u00e4rz 2016 im Internet alle Projekte und ihre konkrete Bewertung ver\u00f6ffentlichen. Alle Interessierten k\u00f6nnten hierzu innerhalb der n\u00e4chsten sechs Wochen Stellung nehmen.\u201c<\/p>\n<p>Weiteres Verfahren:<br \/>\nNach Auswertung der \u00d6ffentlichkeitsbeteiligung beschlie\u00dft die Bundesregierung im Kabinett den Bundesverkehrswegeplan. Danach werden die sog. Ausbaugesetze und Bedarfspl\u00e4ne in den Deutschen Bundestag eingebracht und beraten. Hierbei kann es noch zu \u00c4nderungen bei den einzelnen Projekten kommen, bevor die Ausbaugesetze im Deutschen Bundestag verbindlich beschlossen werden. Au\u00dferdem werden die L\u00e4nder \u00fcber den Bundesrat beteiligt.<\/p>\n","protected":false},"excerpt":{"rendered":"<div class=\"tmnf_excerpt\"><p>Die \u201efeste Verankerung\u201c der ICE-Ausbaustrecke Fulda-Frankfurt im heute von Bundesverkehrsminister Alexander Dobrindt in Berlin vorgestellten Bundesverkehrswegeplan (BVWP) bezeichnete der heimische Wahlkreisabgeordnete Michael Brand als \u201eBest\u00e4tigung langj\u00e4hriger Bem\u00fchungen um dieses national und f\u00fcr Osthessen strategische Verkehrsprojekt\u201c. Die Strecke Fulda-Frankfurt liege mit ihrem Kosten-Nutzen-Verh\u00e4ltnis \u201ebesser als viele andere und hat sich gut im Feld der Projekte verankert\u201c. &hellip;<\/p>\n<\/div>","protected":false},"author":1,"featured_media":0,"comment_status":"closed","ping_status":"closed","sticky":false,"template":"","format":"standard","meta":{"footnotes":""},"categories":[35,29],"tags":[],"class_list":["post-149327","post","type-post","status-publish","format-standard","hentry","category-auto","category-politik"],"_links":{"self":[{"href":"https:\/\/www.fuldaernachrichten.de\/index.php?rest_route=\/wp\/v2\/posts\/149327","targetHints":{"allow":["GET"]}}],"collection":[{"href":"https:\/\/www.fuldaernachrichten.de\/index.php?rest_route=\/wp\/v2\/posts"}],"about":[{"href":"https:\/\/www.fuldaernachrichten.de\/index.php?rest_route=\/wp\/v2\/types\/post"}],"author":[{"embeddable":true,"href":"https:\/\/www.fuldaernachrichten.de\/index.php?rest_route=\/wp\/v2\/users\/1"}],"replies":[{"embeddable":true,"href":"https:\/\/www.fuldaernachrichten.de\/index.php?rest_route=%2Fwp%2Fv2%2Fcomments&post=149327"}],"version-history":[{"count":1,"href":"https:\/\/www.fuldaernachrichten.de\/index.php?rest_route=\/wp\/v2\/posts\/149327\/revisions"}],"predecessor-version":[{"id":149333,"href":"https:\/\/www.fuldaernachrichten.de\/index.php?rest_route=\/wp\/v2\/posts\/149327\/revisions\/149333"}],"wp:attachment":[{"href":"https:\/\/www.fuldaernachrichten.de\/index.php?rest_route=%2Fwp%2Fv2%2Fmedia&parent=149327"}],"wp:term":[{"taxonomy":"category","embeddable":true,"href":"https:\/\/www.fuldaernachrichten.de\/index.php?rest_route=%2Fwp%2Fv2%2Fcategories&post=149327"},{"taxonomy":"post_tag","embeddable":true,"href":"https:\/\/www.fuldaernachrichten.de\/index.php?rest_route=%2Fwp%2Fv2%2Ftags&post=149327"}],"curies":[{"name":"wp","href":"https:\/\/api.w.org\/{rel}","templated":true}]}}