{"id":149220,"date":"2016-03-14T20:38:25","date_gmt":"2016-03-14T19:38:25","guid":{"rendered":"http:\/\/www.fuldaer-nachrichten.de\/?p=149220"},"modified":"2016-03-14T20:38:25","modified_gmt":"2016-03-14T19:38:25","slug":"im-mittelpunkt-steht-die-familie-und-der-betrieb-neuhofer-unternehmer-josef-heil-feiert-80-geburtstag","status":"publish","type":"post","link":"https:\/\/www.fuldaernachrichten.de\/?p=149220","title":{"rendered":"Im Mittelpunkt steht die Familie und der Betrieb &#8211; Neuhofer Unternehmer Josef Heil feiert 80. Geburtstag"},"content":{"rendered":"<p>Am Samstag, 19. M\u00e4rz2016, am Josefs-Tag, kann der Elektromeister Josef Heil aus Neuhof seinen 80. Geburtstag feiern. Im Mittelpunkt seines Lebens stand \u2013 und steht nach wie vor \u2013 seine Familie und die erfolgreiche Fortf\u00fchrung des Familienbetriebs.<\/p>\n<p>Josef Heil war urspr\u00fcnglich ausgebildeter Bilanzbuchhalter, absolvierte mit Ende 20 eine zweite Lehre und bildete sich nach den Gesellenjahren zum Elektro-Meister weiter. Aus dem Elektro-Meisterbetrieb der Eltern seiner Ehefrau Edelgard wurde Knobloch &amp; Heil Elektrotechnik. Mit rund 20 Mitarbeitern ist das Unternehmen nach wie vor kompetenter Ansprechpartner in Sachen Elektroinstallation und Haustechnik und wird heute in dritter Generation erfolgreich von Oliver und Simone Heil gef\u00fchrt. Der Jubilar erfreut sich nach wie vor bester Gesundheit und ist auch heute noch t\u00e4glich im Unternehmen anzutreffen. \u201eDie Anforderungen und T\u00e4tigkeiten in unserem Unternehmen, wie auch in der gesamten Branche, haben sich in den vergangenen Jahrzehnten stetig ge\u00e4ndert. Es war spannend, diese Entwicklung \u00fcber die vielen Jahren gemeinsam mit meiner Frau zu gestalten. Auch im vergangenen Jahr wurden wieder mehrere Mitarbeiter eingestellt\u201c, erkl\u00e4rt Josef Heil.<\/p>\n<p>Josef Heil hat sich mit seiner Ehefrau Edelgard viele Jahre, bis heute, in das \u00f6ffentliche Leben, besonders in die Anliegen des Mittelstandes und in die \u00f6rtliche Vereinsarbeit eingebracht, mitgestaltet und immer wieder gro\u00dfz\u00fcgig und vielf\u00e4ltig Unterst\u00fctzung geleistet. Josef Heil ist Ehren-Innungsobermeister der Elektroinnung Fulda. Der hessische Landesfachverband FEHR hat ihn mit der silbernen Ehrennadel ausgezeichnet. Der Gewerbeverein Neuhof ernannte ihn auf Grund seiner langj\u00e4hrigen Vorstandst\u00e4tigkeit zum Ehrenvorsitzenden. Josef Heil vertrat jahrelang die Di\u00f6zese Fulda im Landesverband Hessen und im Zentralverband der Deutschen Kolpingfamilie in K\u00f6ln. In allen Ehren\u00e4mtern wurden in dieser Zeit wichtige Weichen f\u00fcr die Zukunft gestellt.<\/p>\n<p>Unter den Gratulanten in der Neuhofer August-Rosterg-Stra\u00dfe 2 sind die drei Kinder mit den Ehepartnern und f\u00fcnf Enkelkindern, die Verwandtschaft und ihr Freundeskreis, zwanzig Mitarbeiter und viele Freunde und Bekannte, mit denen Josef Heil privat und gesch\u00e4ftlich durch seine hilfsbereite und freundliche Art verbunden ist. Auch die Chorvereinigung C\u00e4cilia, der Sch\u00fctzenverein Neuhof, der Karnevalsvereins und der Gewerbeverein der Kaligemeinde gratulieren ihrem langj\u00e4hrigen Mitglied sehr herzlich.<\/p>\n","protected":false},"excerpt":{"rendered":"<div class=\"tmnf_excerpt\"><p>Am Samstag, 19. M\u00e4rz2016, am Josefs-Tag, kann der Elektromeister Josef Heil aus Neuhof seinen 80. Geburtstag feiern. Im Mittelpunkt seines Lebens stand \u2013 und steht nach wie vor \u2013 seine Familie und die erfolgreiche Fortf\u00fchrung des Familienbetriebs. Josef Heil war urspr\u00fcnglich ausgebildeter Bilanzbuchhalter, absolvierte mit Ende 20 eine zweite Lehre und bildete sich nach den &hellip;<\/p>\n<\/div>","protected":false},"author":1,"featured_media":149228,"comment_status":"closed","ping_status":"closed","sticky":false,"template":"","format":"standard","meta":{"footnotes":""},"categories":[29],"tags":[],"class_list":["post-149220","post","type-post","status-publish","format-standard","has-post-thumbnail","hentry","category-politik"],"_links":{"self":[{"href":"https:\/\/www.fuldaernachrichten.de\/index.php?rest_route=\/wp\/v2\/posts\/149220","targetHints":{"allow":["GET"]}}],"collection":[{"href":"https:\/\/www.fuldaernachrichten.de\/index.php?rest_route=\/wp\/v2\/posts"}],"about":[{"href":"https:\/\/www.fuldaernachrichten.de\/index.php?rest_route=\/wp\/v2\/types\/post"}],"author":[{"embeddable":true,"href":"https:\/\/www.fuldaernachrichten.de\/index.php?rest_route=\/wp\/v2\/users\/1"}],"replies":[{"embeddable":true,"href":"https:\/\/www.fuldaernachrichten.de\/index.php?rest_route=%2Fwp%2Fv2%2Fcomments&post=149220"}],"version-history":[{"count":1,"href":"https:\/\/www.fuldaernachrichten.de\/index.php?rest_route=\/wp\/v2\/posts\/149220\/revisions"}],"predecessor-version":[{"id":149229,"href":"https:\/\/www.fuldaernachrichten.de\/index.php?rest_route=\/wp\/v2\/posts\/149220\/revisions\/149229"}],"wp:featuredmedia":[{"embeddable":true,"href":"https:\/\/www.fuldaernachrichten.de\/index.php?rest_route=\/wp\/v2\/media\/149228"}],"wp:attachment":[{"href":"https:\/\/www.fuldaernachrichten.de\/index.php?rest_route=%2Fwp%2Fv2%2Fmedia&parent=149220"}],"wp:term":[{"taxonomy":"category","embeddable":true,"href":"https:\/\/www.fuldaernachrichten.de\/index.php?rest_route=%2Fwp%2Fv2%2Fcategories&post=149220"},{"taxonomy":"post_tag","embeddable":true,"href":"https:\/\/www.fuldaernachrichten.de\/index.php?rest_route=%2Fwp%2Fv2%2Ftags&post=149220"}],"curies":[{"name":"wp","href":"https:\/\/api.w.org\/{rel}","templated":true}]}}