{"id":149111,"date":"2016-03-11T18:35:08","date_gmt":"2016-03-11T17:35:08","guid":{"rendered":"http:\/\/www.fuldaer-nachrichten.de\/?p=149111"},"modified":"2016-03-11T18:35:08","modified_gmt":"2016-03-11T17:35:08","slug":"sportholzfaeller-danny-mahr-aus-sinntaloberzell-startet-in-die-saisonvorbereitung","status":"publish","type":"post","link":"https:\/\/www.fuldaernachrichten.de\/?p=149111","title":{"rendered":"Sportholzf\u00e4ller Danny Mahr aus Sinntal\/Oberzell startet in die Saisonvorbereitung"},"content":{"rendered":"<p><a href=\"http:\/\/www.fuldaer-nachrichten.de\/wp-content\/uploads\/2016\/03\/STIHL-TIMBERSPORTS\u00c2\u00ae-Series_Danny-Mahr_Standing-Block-Chop.jpg\" rel=\"attachment wp-att-149118\"><img decoding=\"async\" class=\"alignleft size-thumbnail wp-image-149118\" src=\"http:\/\/www.fuldaer-nachrichten.de\/wp-content\/uploads\/2016\/03\/STIHL-TIMBERSPORTS\u00c2\u00ae-Series_Danny-Mahr_Standing-Block-Chop-265x177.jpg\" alt=\"STIHL TIMBERSPORTS\u00c2\u00ae Series_Danny Mahr_Standing Block Chop\" width=\"265\" height=\"177\" \/><\/a>Die neue Saison der STIHL TIMBERSPORTS\u00c2\u00ae Series wirft ihre Schatten voraus. Die Winterpause ist vorbei und die Athleten der K\u00f6nigsklasse im Sportholzf\u00e4llen starten mit ihren Saisonvorbereitungen, um bei den anstehenden Wettk\u00e4mpfen auf den Punkt fit zu sein. Auch Danny Mahr aus Sinntal\/Oberzell, einer der besten Sportholzf\u00e4ller Deutschlands, startet mit der anspruchsvollen Vorbereitung f\u00fcr die kommende Saison.<\/p>\n<p>F\u00fcr Danny Mahr aus Sinntal\/Oberzell laufen die Vorbereitungen f\u00fcr die kommende Sportholzf\u00e4llersaison schon seit Wochen. Allerdings muss der 28-j\u00e4hrige Feuerwehrmann ab Mitte M\u00e4rz aus gesundheitlichen Gr\u00fcnden vorerst eine Pause einlegen. \u201eLeider muss ich mich in den n\u00e4chsten Wochen schonen und mein Training zur\u00fcckfahren\u201c, sagt Mahr und hofft, in der anstehenden Saison dennoch voll durchstarten zu k\u00f6nnen. \u201eWenn es geht, m\u00f6chte ich in diesem Jahr voll angreifen und mich weiterhin verbessern. Ziel ist ganz klar auf h\u00f6chstem Niveau dabei zu sein und vielleicht auch mal einen deutschen Rekord zu brechen.\u201c Der Sinntaler hat allen Grund zur Zuversicht: Im letzten Jahr siegte er beim LIGNACup in Hannover, wurde Zweiter bei der Deutschen Meisterschaft in K\u00f6ln und fuhr als Teil der deutschen Nationalmannschaft zur Sportholzf\u00e4llerweltmeisterschaft nach Polen.<\/p>\n<p>Die STIHL TIMBERSPORTS\u00c2\u00ae Series setzt als K\u00f6nigsklasse im Sportholzf\u00e4llen bei den Sportlern Ausdauer, Kraft und vor allem die richtige Technik voraus. Im Rahmen spezieller Trainingscamps trainieren die Athleten die anspruchsvollen und spektakul\u00e4ren Disziplinen der STIHL TIMBERSPORTS\u00c2\u00ae Series, feilen an ihren F\u00e4higkeiten und werden individuell gef\u00f6rdert. Auf dem offiziellen Trainingsst\u00fctzpunkt in Mellrichstadt in der Rh\u00f6n finden diese Camps mehrmals im Jahr unter besten Bedingungen statt. Erg\u00e4nzend zu den Trainingseinheiten auf dem St\u00fctzpunkt w\u00e4hlt jeder Sportler ein individuelles Programm, um sich f\u00fcr die Saison vorzubereiten und bei den wichtigen Ausscheidungswettk\u00e4mpfen fit zu sein. Denn nur wer bei diesen sogenannten Cups eine Top-Leistung zeigt, qualifiziert sich f\u00fcr die Deutsche Meisterschaft, das Highlight der Saison.<\/p>\n<p>Der Einstieg in die K\u00f6nigsklasse ist f\u00fcr jeden m\u00f6glich. Bei regelm\u00e4\u00dfig stattfindenden Probetrainings k\u00f6nnen Interessierte ihr eigenes Talent an Axt und S\u00e4ge ausprobieren und erhalten fachkundige Unterst\u00fctzung von aktiven Sportlern der Wettkampfserie.<\/p>\n<p>\u00dcber die STIHL TIMBERSPORTS\u00c2\u00ae Series<br \/>\nDie STIHL TIMBERSPORTS\u00c2\u00ae Series ist eine internationale Wettkampfserie im Sportholzf\u00e4llen. Ihre Wurzeln liegen in Kanada, den USA, Australien und Neuseeland. Um die Besten ihres Standes zu ermitteln, veranstalten die Waldarbeiter dort von jeher lokale Wettk\u00e4mpfe im Holzf\u00e4llen. Aus diesem Kr\u00e4ftemessen haben sich im Laufe der Zeit professionelle Veranstaltungen auf hohem sportlichem Niveau entwickelt. Seit 2001 ist die STIHL TIMBERSPORTS\u00c2\u00ae Series auch in Deutschland zuhause. Bei den nationalen und internationalen Wettk\u00e4mpfen der K\u00f6nigsklasse im Sportholzf\u00e4llen treten die Athleten in drei Axt- und drei S\u00e4gedisziplinen gegeneinander an. Springboard, Underhand Chop und Standing Block Chop geh\u00f6ren zu den klassischen Axtwettbewerben; bei der Single Buck (Zugs\u00e4ge), der Stihl Stock Saw (handels\u00fcbliche Motors\u00e4ge) und der Hot Saw (bis zu 80 PS starke, getunte Motors\u00e4ge) k\u00e4mpfen die Sportler mit S\u00e4gen um Bestzeiten. Weitere Informationen finden sich auf der Website: www.stihl-timbersports.de<\/p>\n","protected":false},"excerpt":{"rendered":"<div class=\"tmnf_excerpt\"><p>Die neue Saison der STIHL TIMBERSPORTS\u00c2\u00ae Series wirft ihre Schatten voraus. Die Winterpause ist vorbei und die Athleten der K\u00f6nigsklasse im Sportholzf\u00e4llen starten mit ihren Saisonvorbereitungen, um bei den anstehenden Wettk\u00e4mpfen auf den Punkt fit zu sein. Auch Danny Mahr aus Sinntal\/Oberzell, einer der besten Sportholzf\u00e4ller Deutschlands, startet mit der anspruchsvollen Vorbereitung f\u00fcr die kommende &hellip;<\/p>\n<\/div>","protected":false},"author":1,"featured_media":149117,"comment_status":"closed","ping_status":"closed","sticky":false,"template":"","format":"standard","meta":{"footnotes":""},"categories":[46],"tags":[],"class_list":["post-149111","post","type-post","status-publish","format-standard","has-post-thumbnail","hentry","category-sport"],"_links":{"self":[{"href":"https:\/\/www.fuldaernachrichten.de\/index.php?rest_route=\/wp\/v2\/posts\/149111","targetHints":{"allow":["GET"]}}],"collection":[{"href":"https:\/\/www.fuldaernachrichten.de\/index.php?rest_route=\/wp\/v2\/posts"}],"about":[{"href":"https:\/\/www.fuldaernachrichten.de\/index.php?rest_route=\/wp\/v2\/types\/post"}],"author":[{"embeddable":true,"href":"https:\/\/www.fuldaernachrichten.de\/index.php?rest_route=\/wp\/v2\/users\/1"}],"replies":[{"embeddable":true,"href":"https:\/\/www.fuldaernachrichten.de\/index.php?rest_route=%2Fwp%2Fv2%2Fcomments&post=149111"}],"version-history":[{"count":1,"href":"https:\/\/www.fuldaernachrichten.de\/index.php?rest_route=\/wp\/v2\/posts\/149111\/revisions"}],"predecessor-version":[{"id":149119,"href":"https:\/\/www.fuldaernachrichten.de\/index.php?rest_route=\/wp\/v2\/posts\/149111\/revisions\/149119"}],"wp:featuredmedia":[{"embeddable":true,"href":"https:\/\/www.fuldaernachrichten.de\/index.php?rest_route=\/wp\/v2\/media\/149117"}],"wp:attachment":[{"href":"https:\/\/www.fuldaernachrichten.de\/index.php?rest_route=%2Fwp%2Fv2%2Fmedia&parent=149111"}],"wp:term":[{"taxonomy":"category","embeddable":true,"href":"https:\/\/www.fuldaernachrichten.de\/index.php?rest_route=%2Fwp%2Fv2%2Fcategories&post=149111"},{"taxonomy":"post_tag","embeddable":true,"href":"https:\/\/www.fuldaernachrichten.de\/index.php?rest_route=%2Fwp%2Fv2%2Ftags&post=149111"}],"curies":[{"name":"wp","href":"https:\/\/api.w.org\/{rel}","templated":true}]}}