{"id":149089,"date":"2016-03-10T19:34:48","date_gmt":"2016-03-10T18:34:48","guid":{"rendered":"http:\/\/www.fuldaer-nachrichten.de\/?p=149089"},"modified":"2016-03-10T19:34:48","modified_gmt":"2016-03-10T18:34:48","slug":"jugendfahrt-saechsische-schweiz","status":"publish","type":"post","link":"https:\/\/www.fuldaernachrichten.de\/?p=149089","title":{"rendered":"Jugendfahrt S\u00e4chsische Schweiz"},"content":{"rendered":"<p>Die Katholische junge Gemeinde Fulda (KjG) veranstaltet \u00fcber das verl\u00e4ngerte Fronleichnams-Wochenende vom 26. \u2013 29.05.2016 eine Jugendfahrt in die S\u00e4chsische Schweiz. Neben dem Bustransfer ab Fulda und der \u00dcbernachtung in einer gro\u00dfz\u00fcgigen Jugendherberge stehen die Erkundungen des dortigen Naturparks und der umliegenden St\u00e4dte auf dem Programm. Die Teilnahme ist Jugendlichen von 15 \u2013 17 Jahren m\u00f6glich. Die Teilnehmergeb\u00fchr betr\u00e4gt 150 \u00e2\u201a\u00ac f\u00fcr Mitglieder der KjG und 170 \u00e2\u201a\u00ac f\u00fcr Nichtmitglieder.\u00c2\u00a0 Anmeldung und weitere Informationen bei der KjG Di\u00f6zesanstelle unter kjg@bistum-fulda.de oder Tel. 0661-87462.<\/p>\n","protected":false},"excerpt":{"rendered":"<div class=\"tmnf_excerpt\"><p>Die Katholische junge Gemeinde Fulda (KjG) veranstaltet \u00fcber das verl\u00e4ngerte Fronleichnams-Wochenende vom 26. \u2013 29.05.2016 eine Jugendfahrt in die S\u00e4chsische Schweiz. Neben dem Bustransfer ab Fulda und der \u00dcbernachtung in einer gro\u00dfz\u00fcgigen Jugendherberge stehen die Erkundungen des dortigen Naturparks und der umliegenden St\u00e4dte auf dem Programm. Die Teilnahme ist Jugendlichen von 15 \u2013 17 Jahren &hellip;<\/p>\n<\/div>","protected":false},"author":1,"featured_media":0,"comment_status":"closed","ping_status":"closed","sticky":false,"template":"","format":"standard","meta":{"footnotes":""},"categories":[1],"tags":[],"class_list":["post-149089","post","type-post","status-publish","format-standard","hentry","category-startseite"],"_links":{"self":[{"href":"https:\/\/www.fuldaernachrichten.de\/index.php?rest_route=\/wp\/v2\/posts\/149089","targetHints":{"allow":["GET"]}}],"collection":[{"href":"https:\/\/www.fuldaernachrichten.de\/index.php?rest_route=\/wp\/v2\/posts"}],"about":[{"href":"https:\/\/www.fuldaernachrichten.de\/index.php?rest_route=\/wp\/v2\/types\/post"}],"author":[{"embeddable":true,"href":"https:\/\/www.fuldaernachrichten.de\/index.php?rest_route=\/wp\/v2\/users\/1"}],"replies":[{"embeddable":true,"href":"https:\/\/www.fuldaernachrichten.de\/index.php?rest_route=%2Fwp%2Fv2%2Fcomments&post=149089"}],"version-history":[{"count":1,"href":"https:\/\/www.fuldaernachrichten.de\/index.php?rest_route=\/wp\/v2\/posts\/149089\/revisions"}],"predecessor-version":[{"id":149095,"href":"https:\/\/www.fuldaernachrichten.de\/index.php?rest_route=\/wp\/v2\/posts\/149089\/revisions\/149095"}],"wp:attachment":[{"href":"https:\/\/www.fuldaernachrichten.de\/index.php?rest_route=%2Fwp%2Fv2%2Fmedia&parent=149089"}],"wp:term":[{"taxonomy":"category","embeddable":true,"href":"https:\/\/www.fuldaernachrichten.de\/index.php?rest_route=%2Fwp%2Fv2%2Fcategories&post=149089"},{"taxonomy":"post_tag","embeddable":true,"href":"https:\/\/www.fuldaernachrichten.de\/index.php?rest_route=%2Fwp%2Fv2%2Ftags&post=149089"}],"curies":[{"name":"wp","href":"https:\/\/api.w.org\/{rel}","templated":true}]}}