{"id":148607,"date":"2016-02-27T16:37:46","date_gmt":"2016-02-27T15:37:46","guid":{"rendered":"http:\/\/www.fuldaer-nachrichten.de\/?p=148607"},"modified":"2016-02-27T16:37:59","modified_gmt":"2016-02-27T15:37:59","slug":"notaufnahme-klinikum-fulda-mario-klotzsche-cdu-verliert-die-nerven-fakten-werden-verdreht","status":"publish","type":"post","link":"https:\/\/www.fuldaernachrichten.de\/?p=148607","title":{"rendered":"Notaufnahme Klinikum Fulda &#8211; Mario Klotzsche: CDU verliert die Nerven. Fakten werden verdreht."},"content":{"rendered":"<p>\u201eIch kann nachvollziehen, dass die CDU angesichts der aktuellen Umfragen nerv\u00f6s wird. Trotzdem sollte B\u00fcrgermeister Dag Wehner deshalb nicht die Nerven verlieren und die Fakten verdrehen\u201c, so Mario Klotzsche, FDP Kreisvorsitzender.<\/p>\n<p>Die FDP hat wiederholt die Zust\u00e4nde in der Notaufnahme am Klinikum Fulda, vor allem die langen Wartezeiten f\u00fcr Patienten und die \u00dcberlastung der Mitarbeiter, kritisiert. Deshalb haben wir das Gespr\u00e4ch mit dem Vorstand und der Leitung der Notaufnahme gesucht und beantragt, dass der Landkreis Fulda j\u00e4hrlich eine Million Euro als zweckgebundenen Zuschuss f\u00fcr die Verbesserung der Personalsituation in der Notaufnahme bereitstellt. Der Landkreis ist gesetzlich f\u00fcr die Sicherstellung der Versorgung zust\u00e4ndig. Deshalb betreiben andere Landkreise eigene Krankenh\u00e4user.<\/p>\n<p>\u201eNoch vor zwei Wochen hat Herr Wehner als CDU-Abgeordneter des Kreistages einen Zuschuss f\u00fcr die Notaufnahme pers\u00f6nlich im Kreistag abgelehnt. Landrat Woide, ebenfalls CDU, hat im Kreistag erkl\u00e4rt, dass er nicht f\u00fcr das Klinikum und die Notaufnahme zust\u00e4ndig sei und deshalb kein Geld bereitstellen wolle. Oberb\u00fcrgermeister Heiko Wingenfeld (CDU), Aufsichtsratsvorsitzender des Krankenhauses, hat \u00f6ffentlich erkl\u00e4rt, dass die Notaufnahme und das Klinikum kein Geld vom Landkreis ben\u00f6tigen w\u00fcrden\u201c, so Klotzsche.<\/p>\n<p>Herr Wehner berichtet von einem Zuschuss des Kreises aus dem Jahr 2013 in H\u00f6he von 5 Millionen Euro. \u201eDieser Zuschuss ging an die Stadt Fulda, nicht das Klinikum Fulda. Da verwechselt Herr Wehner die Dinge offenbar. Fakt ist auch, dass diese 5 Millionen Euro \u00fcber zehn Jahre gestreckt werden, also j\u00e4hrlich 500.000 Euro. Das ist angesichts des riesigen Investitionsbedarfes am Klinikum Fulda ein schlechter Witz und reicht nicht mal f\u00fcr den Bau eines Parkhauses\u201c, so Klotzsche weiter.<\/p>\n<p>\u201eOffenbar hat die Fuldaer CDU gro\u00dfe Angst um ihre absolute Mehrheit. Wenn es der CDU tats\u00e4chlich um eine L\u00f6sung gehen w\u00fcrde, h\u00e4tte sich die Abgeordneten das Klinikum und die Notaufnahme vor Ort anschauen sollen. Wir waren vor Ort, haben intensive Gespr\u00e4che gef\u00fchrt und konkrete L\u00f6sungen vorgeschlagen. Das rate ich Herrn Wehner auch. Dann w\u00fcrde er auch erkennen, dass unser Vorschlag, eine Million Euro f\u00fcr mehr Personal in der Notaufnahme, ein richtiger Schritt ist\u201c, so Klotzsche abschlie\u00dfend.<\/p>\n","protected":false},"excerpt":{"rendered":"<div class=\"tmnf_excerpt\"><p>\u201eIch kann nachvollziehen, dass die CDU angesichts der aktuellen Umfragen nerv\u00f6s wird. Trotzdem sollte B\u00fcrgermeister Dag Wehner deshalb nicht die Nerven verlieren und die Fakten verdrehen\u201c, so Mario Klotzsche, FDP Kreisvorsitzender. Die FDP hat wiederholt die Zust\u00e4nde in der Notaufnahme am Klinikum Fulda, vor allem die langen Wartezeiten f\u00fcr Patienten und die \u00dcberlastung der Mitarbeiter, &hellip;<\/p>\n<\/div>","protected":false},"author":1,"featured_media":0,"comment_status":"closed","ping_status":"closed","sticky":false,"template":"","format":"standard","meta":{"footnotes":""},"categories":[1,29],"tags":[],"class_list":["post-148607","post","type-post","status-publish","format-standard","hentry","category-startseite","category-politik"],"_links":{"self":[{"href":"https:\/\/www.fuldaernachrichten.de\/index.php?rest_route=\/wp\/v2\/posts\/148607","targetHints":{"allow":["GET"]}}],"collection":[{"href":"https:\/\/www.fuldaernachrichten.de\/index.php?rest_route=\/wp\/v2\/posts"}],"about":[{"href":"https:\/\/www.fuldaernachrichten.de\/index.php?rest_route=\/wp\/v2\/types\/post"}],"author":[{"embeddable":true,"href":"https:\/\/www.fuldaernachrichten.de\/index.php?rest_route=\/wp\/v2\/users\/1"}],"replies":[{"embeddable":true,"href":"https:\/\/www.fuldaernachrichten.de\/index.php?rest_route=%2Fwp%2Fv2%2Fcomments&post=148607"}],"version-history":[{"count":1,"href":"https:\/\/www.fuldaernachrichten.de\/index.php?rest_route=\/wp\/v2\/posts\/148607\/revisions"}],"predecessor-version":[{"id":148608,"href":"https:\/\/www.fuldaernachrichten.de\/index.php?rest_route=\/wp\/v2\/posts\/148607\/revisions\/148608"}],"wp:attachment":[{"href":"https:\/\/www.fuldaernachrichten.de\/index.php?rest_route=%2Fwp%2Fv2%2Fmedia&parent=148607"}],"wp:term":[{"taxonomy":"category","embeddable":true,"href":"https:\/\/www.fuldaernachrichten.de\/index.php?rest_route=%2Fwp%2Fv2%2Fcategories&post=148607"},{"taxonomy":"post_tag","embeddable":true,"href":"https:\/\/www.fuldaernachrichten.de\/index.php?rest_route=%2Fwp%2Fv2%2Ftags&post=148607"}],"curies":[{"name":"wp","href":"https:\/\/api.w.org\/{rel}","templated":true}]}}