{"id":148604,"date":"2016-02-27T07:55:03","date_gmt":"2016-02-27T06:55:03","guid":{"rendered":"http:\/\/www.fuldaer-nachrichten.de\/?p=148604"},"modified":"2016-02-27T07:55:03","modified_gmt":"2016-02-27T06:55:03","slug":"fuldaer-bewegungs-und-talentcheck-will-sport-in-spitze-und-in-der-breite-foerdern","status":"publish","type":"post","link":"https:\/\/www.fuldaernachrichten.de\/?p=148604","title":{"rendered":"Fuldaer Bewegungs- und Talentcheck will Sport in Spitze und in der Breite f\u00f6rdern"},"content":{"rendered":"<p>Mit dem Fuldaer Bewegungs- und Talentcheck leisten der Landkreis und die Stadt einen Beitrag zur F\u00f6rderung von Sport und Gesundheit in der Region. Im Herbst haben rund 1600 Sch\u00fclerinnen und Sch\u00fcler aus den zweiten Grundschulklassen an den Testverfahren teilgenommen, mit dem die sportmotorische Leistungsf\u00e4higkeit erfasst und individuelle Bewegungsprofile erstellt werden. Die sechs besten M\u00e4dchen und Jungen wurden jetzt im Landratsamt geehrt.<\/p>\n<p>Beim Bewegungs- und Talentcheck handelt es sich um ein Gemeinschaftsprojekt von Stadt und Landkreis Fulda, das vom Institut f\u00fcr Sport- und Bewegungswissenschaften der Universit\u00e4t Bayreuth unter Federf\u00fchrung von Professor Andreas Hohmann begleitet wird. Sponsoren sind die Sparkasse Fulda und die Schwenninger Krankenkasse. Der Bewegungs- und Talentcheck findet seit 2000 in jedem Jahr statt und wurde von Oberb\u00fcrgermeister Dr. Heiko Wingenfeld zu seiner Zeit als Erster Kreisbeigeordneter ins Leben gerufen.<\/p>\n<p>Sein Nachfolger Frederik Schmitt betonte, an dem kreisweiter Screening festhalten zu wollen. Gerade im Computerzeitalter sei es wichtig, den Eltern R\u00fcckmeldung \u00fcber motorische Defizite ihrer Kinder, aber auch Hinweise f\u00fcr besondere Begabungen in Sportarten zu geben, die sie vielleicht nicht so im Blick h\u00e4tten. Nach Aussage von B\u00fcrgermeister Dag Wehner m\u00fcssten vor dem Hintergrund einer sich wandelnden Berufswelt mit immer mehr sitzender T\u00e4tigkeit bereits in jungen Jahren Anreize f\u00fcr einen k\u00f6rperlichen Ausgleich geschaffen werden.<\/p>\n<p>Professor Hohmann unterstrich, dass es beim Bewegungs- und Talentcheck um die F\u00f6rderung des Sports sowohl in der Spitze als auch in der Breite gehe. Es w\u00fcrden nicht nur Talente in den f\u00fcr die Region typischen Sportarten gesichtet. Vielmehr k\u00f6nnten die motorisch weniger leistungsf\u00e4higen Kinder an einem kostenlosen Bewegungstraining teilnehmen. Als entscheidende Einflussfaktoren f\u00fcr eine gesunde k\u00f6rperliche Entwicklung von Heranwachsenden nannte Hohmann das au\u00dferh\u00e4usliche Spielen und den Vereinssport.<\/p>\n<p>Bild: Hintere Reihe von links: Uwe Marohn (Sparkasse Fulda), Professor Andreas Hohmann, B\u00fcrgermeister Dag Wehner, J\u00fcrgen Kaufmann (Schweninnger Krankenkasse) und Erster Kreisbeigeordneter Frederik Schmitt mit den sechs besten M\u00e4dchen und Jungen beim Bewegungscheck. Foto: C. Sch\u00f6neich<\/p>\n","protected":false},"excerpt":{"rendered":"<div class=\"tmnf_excerpt\"><p>Mit dem Fuldaer Bewegungs- und Talentcheck leisten der Landkreis und die Stadt einen Beitrag zur F\u00f6rderung von Sport und Gesundheit in der Region. Im Herbst haben rund 1600 Sch\u00fclerinnen und Sch\u00fcler aus den zweiten Grundschulklassen an den Testverfahren teilgenommen, mit dem die sportmotorische Leistungsf\u00e4higkeit erfasst und individuelle Bewegungsprofile erstellt werden. Die sechs besten M\u00e4dchen und &hellip;<\/p>\n<\/div>","protected":false},"author":1,"featured_media":148605,"comment_status":"closed","ping_status":"closed","sticky":false,"template":"","format":"standard","meta":{"footnotes":""},"categories":[72,29,46],"tags":[],"class_list":["post-148604","post","type-post","status-publish","format-standard","has-post-thumbnail","hentry","category-jugend","category-politik","category-sport"],"_links":{"self":[{"href":"https:\/\/www.fuldaernachrichten.de\/index.php?rest_route=\/wp\/v2\/posts\/148604","targetHints":{"allow":["GET"]}}],"collection":[{"href":"https:\/\/www.fuldaernachrichten.de\/index.php?rest_route=\/wp\/v2\/posts"}],"about":[{"href":"https:\/\/www.fuldaernachrichten.de\/index.php?rest_route=\/wp\/v2\/types\/post"}],"author":[{"embeddable":true,"href":"https:\/\/www.fuldaernachrichten.de\/index.php?rest_route=\/wp\/v2\/users\/1"}],"replies":[{"embeddable":true,"href":"https:\/\/www.fuldaernachrichten.de\/index.php?rest_route=%2Fwp%2Fv2%2Fcomments&post=148604"}],"version-history":[{"count":1,"href":"https:\/\/www.fuldaernachrichten.de\/index.php?rest_route=\/wp\/v2\/posts\/148604\/revisions"}],"predecessor-version":[{"id":148606,"href":"https:\/\/www.fuldaernachrichten.de\/index.php?rest_route=\/wp\/v2\/posts\/148604\/revisions\/148606"}],"wp:featuredmedia":[{"embeddable":true,"href":"https:\/\/www.fuldaernachrichten.de\/index.php?rest_route=\/wp\/v2\/media\/148605"}],"wp:attachment":[{"href":"https:\/\/www.fuldaernachrichten.de\/index.php?rest_route=%2Fwp%2Fv2%2Fmedia&parent=148604"}],"wp:term":[{"taxonomy":"category","embeddable":true,"href":"https:\/\/www.fuldaernachrichten.de\/index.php?rest_route=%2Fwp%2Fv2%2Fcategories&post=148604"},{"taxonomy":"post_tag","embeddable":true,"href":"https:\/\/www.fuldaernachrichten.de\/index.php?rest_route=%2Fwp%2Fv2%2Ftags&post=148604"}],"curies":[{"name":"wp","href":"https:\/\/api.w.org\/{rel}","templated":true}]}}