{"id":148554,"date":"2016-02-26T10:22:10","date_gmt":"2016-02-26T09:22:10","guid":{"rendered":"http:\/\/www.fuldaer-nachrichten.de\/?p=148554"},"modified":"2016-02-26T10:22:10","modified_gmt":"2016-02-26T09:22:10","slug":"stadt-rallye-fuer-frauen-am-8-maerz-fuldaer-institutionen-informieren-zu-beruf-und-wiedereinstieg","status":"publish","type":"post","link":"https:\/\/www.fuldaernachrichten.de\/?p=148554","title":{"rendered":"Stadt-Rallye f\u00fcr Frauen am 8. M\u00e4rz Fuldaer Institutionen informieren zu Beruf und Wiedereinstieg"},"content":{"rendered":"<p>Interessierte Frauen haben am internationalen Frauentag, dem 8. M\u00e4rz, die Gelegenheit, sich im Rahmen der Fuldaer Stadtrallye f\u00fcr Beruf und Wiedereinstieg bei verschiedenen Institutionen zu informieren.<\/p>\n<p>Bereits zum vierten Mal organisiert eine Fuldaer Arbeitsgruppe (Frau und Beruf) die Stadt-Rallye f\u00fcr Beruf und Wiedereinstieg. Mit der Rallye m\u00f6chten die Organisatorinnen Frauen f\u00fcr den Arbeitsmarkt gewinnen. \u201eIn Zeiten des steigenden Fachkr\u00e4ftebedarfs stellen Frauen mit ihren Kompetenzen und Erfahrungen ein wichtiges Potential dar, das wir unbedingt f\u00fcr den Arbeitsmarkt gewinnen sollten. Sowohl Berufsr\u00fcckkehrende als auch Unternehmen profitieren vom Wiedereinstieg der Frauen ins Berufsleben\u201c, erkl\u00e4rt Waldemar Dombrowski, Leiter der Arbeitsagentur Bad Hersfeld-Fulda. Vor allem die bei Familienmanagerinnen stark ausgepr\u00e4gten sozialen Kompetenzen seien f\u00fcr Personalverantwortliche besonders wichtig. \u201eInsbesondere im Landkreis gibt es viele M\u00fctter, die nach 10 oder 20 Jahren Elternzeit \u2013 wenn dann die Kinder aus dem Haus sind \u2013 wieder das Bed\u00fcrfnis haben, sich beruflich zu engagieren\u201c, wei\u00df Hildegard Hast, Frauenbeauftragte der Stadt Fulda. Melanie Bonacker, Beauftragte f\u00fcr Chancengleichheit am Arbeitsmarkt in der Agentur f\u00fcr Arbeit, erg\u00e4nzt: \u201eLeider untersch\u00e4tzen sich viele Frauen oft, was das eigene Potential angeht. Vor allem, wenn sie lange aus dem Beruf raus sind. So entstehen auch Hemmungen vor dem Weg in die Arbeitsagentur.\u201c Mit der Rallye wollen die Veranstalterinnen Angst nehmen und den Frauen Mut machen, den Wiedereinstieg zu wagen.<\/p>\n<p>Angebote<br \/>\nSo k\u00f6nnen sich die Teilnehmerinnen bei der Arbeitsagentur \u00fcber den Arbeitsmarkt, M\u00f6glichkeiten und Wege zum Wiedereinstieg in das Berufsleben sowie entsprechende Hilfen informieren. Die Beauftragte f\u00fcr Chancengleichheit bietet im Rahmen der Rallye von 9 bis 14 Uhr Beratungsgespr\u00e4che in der Agentur an. Das Frauenb\u00fcro der Stadt Fulda bietet von 10 bis 16 Uhr Einzelberatungen zum Wiedereinstieg nach l\u00e4ngeren Familienphasen an. Und im Beratungsb\u00fcro f\u00fcr Alleinerziehende erhalten Betroffene vom kommunalen Kreisjobcenter Informationen zu Unterst\u00fctzungs- und Beratungsangeboten in der Region, Informationen zur Teilzeitausbildung und Kursangeboten des Kreisjobcenters f\u00fcr Frauen und (Allein)erziehende. Weitere interessante Angebote bieten die Industrie- und Handelskammer Fulda, die Kreishandwerkerschaft mit der Handwerkskammer Kassel, die Hochschule, das Staatliche Schulamt, der DGB, der Hessencampus, die Schule f\u00fcr Erwachsene, die Qualifizierungsoffensive des Kreises, die Jugend\u00e4mter und Volkshochschulen von Stadt und Landkreis Fulda, die Migrationsberatungen Caritas und Kreidekreis, das BBZ und die Mediana Akademie. Alle Stationen der Rallye sind im Veranstaltungsprogramm der Fuldaer Frauenwoche (5. \u2013 11. M\u00e4rz 2016) aufgef\u00fchrt. Zus\u00e4tzlich sind spezielle Rallyeb\u00f6gen im B\u00fcrgerb\u00fcro und bei allen beteiligten Institutionen erh\u00e4ltlich oder unter www.frauenbuero-fulda.de abrufbar. Wer mindestens f\u00fcnf Stationen besucht, kann an einer Verlosung teilnehmen. Als Gewinne locken der Fulda-Rucksack, ein Gutschein f\u00fcr den Fuldaer Wirtschaftstag sowie die kostenfreie Teilnahme an Seminaren.<\/p>\n<p>Weitere Informationen erhalten Sie \u00fcber folgende Kontaktdaten:<br \/>\nMelanie Bonacker (Agentur f\u00fcr Arbeit) \u2013 Telefon: +49 6621 209 543<br \/>\nHildegard Hast (Frauenb\u00fcro) \u2013 Telefon: +49 661 102 1040<\/p>\n<p>Link zum Rallyebogen:<br \/>\nhttp:\/\/www.fulda.de\/fileadmin\/buergerservice\/pdf_frauenbuero\/Frauenwoche\/FW_2016\/Rallyebogen_2016.pdf<\/p>\n","protected":false},"excerpt":{"rendered":"<div class=\"tmnf_excerpt\"><p>Interessierte Frauen haben am internationalen Frauentag, dem 8. M\u00e4rz, die Gelegenheit, sich im Rahmen der Fuldaer Stadtrallye f\u00fcr Beruf und Wiedereinstieg bei verschiedenen Institutionen zu informieren. Bereits zum vierten Mal organisiert eine Fuldaer Arbeitsgruppe (Frau und Beruf) die Stadt-Rallye f\u00fcr Beruf und Wiedereinstieg. Mit der Rallye m\u00f6chten die Organisatorinnen Frauen f\u00fcr den Arbeitsmarkt gewinnen. \u201eIn &hellip;<\/p>\n<\/div>","protected":false},"author":1,"featured_media":0,"comment_status":"closed","ping_status":"closed","sticky":false,"template":"","format":"standard","meta":{"footnotes":""},"categories":[53],"tags":[],"class_list":["post-148554","post","type-post","status-publish","format-standard","hentry","category-bildung"],"_links":{"self":[{"href":"https:\/\/www.fuldaernachrichten.de\/index.php?rest_route=\/wp\/v2\/posts\/148554","targetHints":{"allow":["GET"]}}],"collection":[{"href":"https:\/\/www.fuldaernachrichten.de\/index.php?rest_route=\/wp\/v2\/posts"}],"about":[{"href":"https:\/\/www.fuldaernachrichten.de\/index.php?rest_route=\/wp\/v2\/types\/post"}],"author":[{"embeddable":true,"href":"https:\/\/www.fuldaernachrichten.de\/index.php?rest_route=\/wp\/v2\/users\/1"}],"replies":[{"embeddable":true,"href":"https:\/\/www.fuldaernachrichten.de\/index.php?rest_route=%2Fwp%2Fv2%2Fcomments&post=148554"}],"version-history":[{"count":1,"href":"https:\/\/www.fuldaernachrichten.de\/index.php?rest_route=\/wp\/v2\/posts\/148554\/revisions"}],"predecessor-version":[{"id":148558,"href":"https:\/\/www.fuldaernachrichten.de\/index.php?rest_route=\/wp\/v2\/posts\/148554\/revisions\/148558"}],"wp:attachment":[{"href":"https:\/\/www.fuldaernachrichten.de\/index.php?rest_route=%2Fwp%2Fv2%2Fmedia&parent=148554"}],"wp:term":[{"taxonomy":"category","embeddable":true,"href":"https:\/\/www.fuldaernachrichten.de\/index.php?rest_route=%2Fwp%2Fv2%2Fcategories&post=148554"},{"taxonomy":"post_tag","embeddable":true,"href":"https:\/\/www.fuldaernachrichten.de\/index.php?rest_route=%2Fwp%2Fv2%2Ftags&post=148554"}],"curies":[{"name":"wp","href":"https:\/\/api.w.org\/{rel}","templated":true}]}}