{"id":148513,"date":"2016-02-25T21:10:50","date_gmt":"2016-02-25T20:10:50","guid":{"rendered":"http:\/\/www.fuldaer-nachrichten.de\/?p=148513"},"modified":"2016-02-25T21:10:50","modified_gmt":"2016-02-25T20:10:50","slug":"osterferienangebote-fuer-kinder-in-der-muetze-2","status":"publish","type":"post","link":"https:\/\/www.fuldaernachrichten.de\/?p=148513","title":{"rendered":"Osterferienangebote f\u00fcr Kinder in Der M\u00dcTZE"},"content":{"rendered":"<p>Das Fuldaer M\u00fctterzentrum \u201cDie M\u00dcTZE\u00e2\u20ac\u009d, Gallasiniring 8, 36043 Fulda, (Tel.\/Fax: 0661\/8050, Internet: http:\/\/www.muetze-fulda.de) bietet in den Osterferien speziell f\u00fcr Kinder folgende Kursangebote an:<\/p>\n<p>Schmuckkurs f\u00fcr Kids: Dienstag, 29.03.16 in der Zeit von 10.00 &#8211; 12.00 Uhr, f\u00fcr Kinder 2. &#8211; 4. Klasse und Dienstag, 29.03.16 in der Zeit von 14.30 &#8211; 16.30 Uhr f\u00fcr Kinder ab 5. Klasse. Hier k\u00f6nnen die Kinder Ketten und Ohrringe nach eigenen Vorstellungen fertigen. Eine gro\u00dfe Auswahl an Perlen in verschiedenen Farben, Materialien und Gr\u00f6\u00dfen ist vorhanden.<\/p>\n<p>Experimentierwerkstatt &#8211; Wasser: Mittwoch, 30.03.16 in der Zeit von 9.30 &#8211; 11.30 Uhr, f\u00fcr Kinder 1. &#8211; 3. Klasse. Wasser bietet eine bunte Vielfalt an spannenden Ph\u00e4nomenen und die Kinder werden diesen auf den Grund gehen.<\/p>\n<p>Kinder malen Fr\u00fchlingsmotive: Donnerstag, 31.03.16 in der Zeit von 10.00 &#8211; 12.30 Uhr, f\u00fcr Kinder ab 8 Jahren. Jedes Kind erlernt den Umgang mit Acrylfarben. Mit einfachen Techniken und Tricks &#8220;zaubern&#8221; die Kursteilnehmer Struktur f\u00fcr ein tolles Kunstwerk, das durch freie Vorgaben gen\u00fcgend Raum f\u00fcr Spontanit\u00e4t l\u00e4sst. Mit verschiedener Deko werden Effekte gesetzt.<\/p>\n<p>Experimentierwerkstatt &#8211; Naturgesetze: Freitag, 01.04.16 in der Zeit von 9.30 &#8211; 11.30 Uhr, f\u00fcr Kinder 1. &#8211; 3. Klasse. Naturgesetze pr\u00e4gen unseren Alltag und mit kleinen chemischen Versuchen werden die Kinder die Welt mit all ihren Sinnen erforschen.<\/p>\n<p>Ferienaktivwoche &#8220;Fulda Entdecker&#8221;: Von Montag, 04.04.16 bis Freitag, 08.04.16 jeweils in der Zeit von 7.30 &#8211; 14.00 Uhr. F\u00fcr Kinder der 1. &#8211; 4. Klasse.<br \/>\nMit verschiedenen Spielen, Bastelangeboten und Aktionen\/Ausfl\u00fcgen entdecken die Kinder ihr Umfeld.<\/p>\n<p>Zu den genannten Kursen ist eine verbindliche Anmeldung sp\u00e4testens eine Woche vorher erforderlich unter Tel. 0661\/8050, Mo. \u2013 Fr. von 9.00 \u2013 13.00 Uhr.<\/p>\n<p>Weitere Kursangeboten f\u00fcr Kinder auch im Internet unter www.muetze-fulda.de.<\/p>\n","protected":false},"excerpt":{"rendered":"<div class=\"tmnf_excerpt\"><p>Das Fuldaer M\u00fctterzentrum \u201cDie M\u00dcTZE\u00e2\u20ac\u009d, Gallasiniring 8, 36043 Fulda, (Tel.\/Fax: 0661\/8050, Internet: http:\/\/www.muetze-fulda.de) bietet in den Osterferien speziell f\u00fcr Kinder folgende Kursangebote an: Schmuckkurs f\u00fcr Kids: Dienstag, 29.03.16 in der Zeit von 10.00 &#8211; 12.00 Uhr, f\u00fcr Kinder 2. &#8211; 4. Klasse und Dienstag, 29.03.16 in der Zeit von 14.30 &#8211; 16.30 Uhr f\u00fcr Kinder &hellip;<\/p>\n<\/div>","protected":false},"author":1,"featured_media":0,"comment_status":"closed","ping_status":"closed","sticky":false,"template":"","format":"standard","meta":{"footnotes":""},"categories":[72],"tags":[],"class_list":["post-148513","post","type-post","status-publish","format-standard","hentry","category-jugend"],"_links":{"self":[{"href":"https:\/\/www.fuldaernachrichten.de\/index.php?rest_route=\/wp\/v2\/posts\/148513","targetHints":{"allow":["GET"]}}],"collection":[{"href":"https:\/\/www.fuldaernachrichten.de\/index.php?rest_route=\/wp\/v2\/posts"}],"about":[{"href":"https:\/\/www.fuldaernachrichten.de\/index.php?rest_route=\/wp\/v2\/types\/post"}],"author":[{"embeddable":true,"href":"https:\/\/www.fuldaernachrichten.de\/index.php?rest_route=\/wp\/v2\/users\/1"}],"replies":[{"embeddable":true,"href":"https:\/\/www.fuldaernachrichten.de\/index.php?rest_route=%2Fwp%2Fv2%2Fcomments&post=148513"}],"version-history":[{"count":1,"href":"https:\/\/www.fuldaernachrichten.de\/index.php?rest_route=\/wp\/v2\/posts\/148513\/revisions"}],"predecessor-version":[{"id":148519,"href":"https:\/\/www.fuldaernachrichten.de\/index.php?rest_route=\/wp\/v2\/posts\/148513\/revisions\/148519"}],"wp:attachment":[{"href":"https:\/\/www.fuldaernachrichten.de\/index.php?rest_route=%2Fwp%2Fv2%2Fmedia&parent=148513"}],"wp:term":[{"taxonomy":"category","embeddable":true,"href":"https:\/\/www.fuldaernachrichten.de\/index.php?rest_route=%2Fwp%2Fv2%2Fcategories&post=148513"},{"taxonomy":"post_tag","embeddable":true,"href":"https:\/\/www.fuldaernachrichten.de\/index.php?rest_route=%2Fwp%2Fv2%2Ftags&post=148513"}],"curies":[{"name":"wp","href":"https:\/\/api.w.org\/{rel}","templated":true}]}}